{"id":229985,"date":"2003-03-11T05:00:00","date_gmt":"2003-03-11T08:00:00","guid":{"rendered":"http:\/\/progepe.ufpr.br\/portarias\/rt-2003-00483\/"},"modified":"2003-03-11T05:00:00","modified_gmt":"2003-03-11T08:00:00","slug":"rt-2003-00483","status":"publish","type":"post","link":"https:\/\/progepe.ufpr.br\/portarias\/rt-2003-00483\/","title":{"rendered":"PORTARIA N\u00ba 00483\/REITORIA, DE 11 DE MAR\u00c7O DE 2003"},"content":{"rendered":"\n<p>O Reitor da Universidade Federal do Paran\u00e1, no uso de suas atribui\u00e7\u00f5es e considerando o que consta no processo S268\/03-012,<\/p>\n\n\n<p><strong>RESOLVE:<\/strong><\/p>\n\n\n<p>L. Deltgar a20 Diretor do Setor de Ci\u00eancias Exatas \u00e0 comper\u00eancia pera \u00e0 assinatura dos Termos de Compertilhamento que regulamentar\u00e3o as rela\u00e7\u00f5es entre o N\u00facleo de Empreendeiorismo \u00e9 Projes Multidisciplinares &#8211; NEMPS\/UFPR e os empreque etem nprojedto aeprovdado opelor NEeMPSs\/UFP R, 1L. Qs referidos Termos de Compartildhevear\u00e3mo eapn\u00f3s ttoere m sido firmados, ser encaminhados \u00e0 Fr\u00f3-Redie tPloancriaimenato , Or\u00e7amento e Finan\u00e7as Tara regise tcorntrool e.<\/p><p><\/p>\n\n\n<div style=\"height:15px\" aria-hidden=\"true\" class=\"wp-block-spacer\"><\/div>\n\n\n<div class=\"wp-block-buttons is-content-justification-right is-layout-flex wp-container-core-buttons-is-layout-1 wp-block-buttons-is-layout-flex\">\n<div class=\"wp-block-button has-custom-font-size is-style-outline has-small-font-size is-style-outline--1\"><a class=\"wp-block-button__link\" href=\"https:\/\/progepe.ufpr.br\/portarias\/wp-content\/uploads\/pcp\/RT\/2003\/483R.pdf\" style=\"border-radius:0px\" target=\"_blank\" rel=\"noreferrer noopener\">Acesse o arquivo da portaria<\/a><\/div><\/div>\n","protected":false},"excerpt":{"rendered":"<p>L. Deltgar a20 Diretor do Setor de Ci\u00eancias Exatas \u00e0 comper\u00eancia pera \u00e0 assinatura dos Termos de Compertilhamento que regulamentar\u00e3o as rela\u00e7\u00f5es entre o N\u00facleo de Empreendeiorismo \u00e9 Projes Multidisciplinares &#8211; NEMPS\/UFPR e os empreque etem nprojedto aeprovdado opelor NEeMPSs\/UFP R, 1L. Qs referidos Termos de Compartildhevear\u00e3mo eapn\u00f3s ttoere m sido firmados, ser encaminhados \u00e0 Fr\u00f3-Redie tPloancriaimenato , Or\u00e7amento e Finan\u00e7as Tara regise tcorntrool e.  {&#8220;height&#8221;:&#8221;15px&#8221;} <\/p>\n<div style=\"height:15px\" aria-hidden=\"true\" class=\"wp-block-spacer\"> <!-- \/wp:spacer  {\"layout\":{\"type\":\"flex\",\"justifyContent\":\"right\"}} \n\n<div class=\"wp-block-buttons\"><!-- wp:button {\"style\":{\"border\":{\"radius\":\"0px\"}},\"className\":\"is-style-outline\",\"fontSize\":\"small\"} \n\n<div class=\"wp-block-button has-custom-font-size is-style-outline has-small-font-size\"><a class=\"wp-block-button__link\" href=\"https:\/\/progepe.ufpr.br\/portarias\/wp-content\/uploads\/pcp\/RT\/2003\/483R.pdf\" style=\"border-radius:0px\" target=\"_blank\" rel=\"nor\n<\/p>\n","protected":false},"author":41,"featured_media":0,"comment_status":"closed","ping_status":"closed","sticky":false,"template":"wp-custom-template-emissao-entre-01-05-2004-ate-30-06-2017","format":"standard","meta":{"_acf_changed":false,"iawp_total_views":0,"footnotes":""},"categories":[117],"tags":[],"class_list":["post-229985","post","type-post","status-publish","format-standard","hentry","category-rt"],"acf":[],"_links":{"self":[{"href":"https:\/\/progepe.ufpr.br\/portarias\/wp-json\/wp\/v2\/posts\/229985","targetHints":{"allow":["GET"]}}],"collection":[{"href":"https:\/\/progepe.ufpr.br\/portarias\/wp-json\/wp\/v2\/posts"}],"about":[{"href":"https:\/\/progepe.ufpr.br\/portarias\/wp-json\/wp\/v2\/types\/post"}],"author":[{"embeddable":true,"href":"https:\/\/progepe.ufpr.br\/portarias\/wp-json\/wp\/v2\/users\/41"}],"replies":[{"embeddable":true,"href":"https:\/\/progepe.ufpr.br\/portarias\/wp-json\/wp\/v2\/comments?post=229985"}],"version-history":[{"count":0,"href":"https:\/\/progepe.ufpr.br\/portarias\/wp-json\/wp\/v2\/posts\/229985\/revisions"}],"wp:attachment":[{"href":"https:\/\/progepe.ufpr.br\/portarias\/wp-json\/wp\/v2\/media?parent=229985"}],"wp:term":[{"taxonomy":"category","embeddable":true,"href":"https:\/\/progepe.ufpr.br\/portarias\/wp-json\/wp\/v2\/categories?post=229985"},{"taxonomy":"post_tag","embeddable":true,"href":"https:\/\/progepe.ufpr.br\/portarias\/wp-json\/wp\/v2\/tags?post=229985"}],"curies":[{"name":"wp","href":"https:\/\/api.w.org\/{rel}","templated":true}]}}