{"id":230041,"date":"2003-04-25T05:00:00","date_gmt":"2003-04-25T08:00:00","guid":{"rendered":"http:\/\/progepe.ufpr.br\/portarias\/rt-2003-00600\/"},"modified":"2003-04-25T05:00:00","modified_gmt":"2003-04-25T08:00:00","slug":"rt-2003-00600","status":"publish","type":"post","link":"https:\/\/progepe.ufpr.br\/portarias\/rt-2003-00600\/","title":{"rendered":"PORTARIA N\u00ba 00600\/REITORIA, DE 25 DE ABRIL DE 2003"},"content":{"rendered":"\n<p>A Vice-Reitora da Universidade Federal do Paran\u00e1, no exerc\u00edcio do cargo de Reitora, no uso de suas atribu\u00ed\u00e7\u00f5es e lendo em vista o que consta no processo n\u00ba 13713\/03-91,<\/p>\n\n\n<p><strong>RESOLVE:<\/strong><\/p>\n\n\n<p>Alterar a Portaria n\u00ba 417, de OB de janeiro de 2003, que constituiu a Comiss\u00e3o de Ger\u00eancia do Programa de Fomento \u00e0 P\u00f3\u00e1s-Gradua\u00e7\u00e3o &#8211; PROF, no \u00e2mbito da UFFR, da seguinte forma; a) Designar NIVALDO EDUARDO RIZZi &#8211; 8RL45, como Fresidente, em substitui\u00e7\u00e3o a JAISA SOARES DE SOUZA &#8211; 96210; b) Pesignar ALBERTO PIO FIORI &#8211; 85855, como VYice-Presidente, em substitui\u00e7\u00e3o a ITAIRA SUSKO &#8211; 66362; c) Destituir os Professores NIVALDO EDUARDO RIZZI &#8211; 88145 do cargo de Representante Suplente da \u00c1rea de Ci\u00eancias Agr\u00e1rias, e, JOS\u00c9 MIGUEL RASIA &#8211; 981do 3car2go de Representante T\u00edtular da \u00c1rea de Ci\u00eancias Humanas I.<\/p><p><\/p>\n\n\n<div style=\"height:15px\" aria-hidden=\"true\" class=\"wp-block-spacer\"><\/div>\n\n\n<div class=\"wp-block-buttons is-content-justification-right is-layout-flex wp-container-core-buttons-is-layout-1 wp-block-buttons-is-layout-flex\">\n<div class=\"wp-block-button has-custom-font-size is-style-outline has-small-font-size is-style-outline--1\"><a class=\"wp-block-button__link\" href=\"https:\/\/progepe.ufpr.br\/portarias\/wp-content\/uploads\/pcp\/RT\/2003\/600R.pdf\" style=\"border-radius:0px\" target=\"_blank\" rel=\"noreferrer noopener\">Acesse o arquivo da portaria<\/a><\/div><\/div>\n","protected":false},"excerpt":{"rendered":"<p>Alterar a Portaria n\u00ba 417, de OB de janeiro de 2003, que constituiu a Comiss\u00e3o de Ger\u00eancia do Programa de Fomento \u00e0 P\u00f3\u00e1s-Gradua\u00e7\u00e3o &#8211; PROF, no \u00e2mbito da UFFR, da seguinte forma; a) Designar NIVALDO EDUARDO RIZZi &#8211; 8RL45, como Fresidente, em substitui\u00e7\u00e3o a JAISA SOARES DE SOUZA &#8211; 96210; b) Pesignar ALBERTO PIO FIORI &#8211; 85855, como VYice-Presidente, em substitui\u00e7\u00e3o a ITAIRA SUSKO &#8211; 66362; c) Destituir os Professores NIVALDO EDUARDO RIZZI &#8211; 88145 do cargo de Representante Suplente da \u00c1rea de Ci\u00eancias Agr\u00e1rias, e, JOS\u00c9 MIGUEL RASIA &#8211; 981do 3car2go de Representante T\u00edtular da \u00c1rea de<\/p>\n","protected":false},"author":41,"featured_media":0,"comment_status":"closed","ping_status":"closed","sticky":false,"template":"wp-custom-template-emissao-entre-01-05-2004-ate-30-06-2017","format":"standard","meta":{"_acf_changed":false,"iawp_total_views":0,"footnotes":""},"categories":[117],"tags":[],"class_list":["post-230041","post","type-post","status-publish","format-standard","hentry","category-rt"],"acf":[],"_links":{"self":[{"href":"https:\/\/progepe.ufpr.br\/portarias\/wp-json\/wp\/v2\/posts\/230041","targetHints":{"allow":["GET"]}}],"collection":[{"href":"https:\/\/progepe.ufpr.br\/portarias\/wp-json\/wp\/v2\/posts"}],"about":[{"href":"https:\/\/progepe.ufpr.br\/portarias\/wp-json\/wp\/v2\/types\/post"}],"author":[{"embeddable":true,"href":"https:\/\/progepe.ufpr.br\/portarias\/wp-json\/wp\/v2\/users\/41"}],"replies":[{"embeddable":true,"href":"https:\/\/progepe.ufpr.br\/portarias\/wp-json\/wp\/v2\/comments?post=230041"}],"version-history":[{"count":0,"href":"https:\/\/progepe.ufpr.br\/portarias\/wp-json\/wp\/v2\/posts\/230041\/revisions"}],"wp:attachment":[{"href":"https:\/\/progepe.ufpr.br\/portarias\/wp-json\/wp\/v2\/media?parent=230041"}],"wp:term":[{"taxonomy":"category","embeddable":true,"href":"https:\/\/progepe.ufpr.br\/portarias\/wp-json\/wp\/v2\/categories?post=230041"},{"taxonomy":"post_tag","embeddable":true,"href":"https:\/\/progepe.ufpr.br\/portarias\/wp-json\/wp\/v2\/tags?post=230041"}],"curies":[{"name":"wp","href":"https:\/\/api.w.org\/{rel}","templated":true}]}}