{"id":230042,"date":"2003-04-25T05:01:00","date_gmt":"2003-04-25T08:01:00","guid":{"rendered":"http:\/\/progepe.ufpr.br\/portarias\/rt-2003-00601\/"},"modified":"2023-08-10T14:48:11","modified_gmt":"2023-08-10T17:48:11","slug":"rt-2003-00601","status":"publish","type":"post","link":"https:\/\/progepe.ufpr.br\/portarias\/rt-2003-00601\/","title":{"rendered":"PORTARIA N\u00ba 00601\/REITORIA, DE 25 DE ABRIL DE 2003"},"content":{"rendered":"\n<p>A Vice-Reitora da Universidade Federal do Paran\u00e1, no exerc\u00edcio do cargo de Reitora, no uso de suas atribui\u00e7\u00f5es e consio qdue econrsta ano nprdocesoso n\u00ba 13713\/03-91,<\/p>\n\n\n<p><strong>RESOLVE:<\/strong><\/p>\n\n\n<p>Designar, a partir de 03 de abril de 2003, como representantes discentes da Comiss\u00e3o de Ger\u00eancia do Programa de Fomento \u00e0 P\u00f3s-Gradua\u00e7\u00e3o &#8211; PROF, no \u00e2mbito da Universidade Federal do Paran\u00e1, os seguintes representantes: Titular: RUP\u00c9RSIO \u00c1LVARES CAN\u00c7ADO (T\u00c7ecnolAogia Dde AOlimen tos) SORAIA ZIONCZ (Qu\u00edmica) Suplente: JOS\u00c9 ALDIR PINTO DA SILVA (Ci\u00eancias Biol\u00f3\u00fagicas &#8211; Entomologia)<\/p><p><\/p>\n\n\n<div style=\"height:15px\" aria-hidden=\"true\" class=\"wp-block-spacer\"><\/div>\n\n\n<div class=\"wp-block-buttons is-content-justification-right is-layout-flex wp-container-core-buttons-is-layout-1 wp-block-buttons-is-layout-flex\">\n<div class=\"wp-block-button has-custom-font-size is-style-outline has-small-font-size is-style-outline--1\"><a class=\"wp-block-button__link\" href=\"https:\/\/progepe.ufpr.br\/portarias\/wp-content\/uploads\/pcp\/RT\/2003\/601R.pdf\" style=\"border-radius:0px\" target=\"_blank\" rel=\"noreferrer noopener\">Acesse o arquivo da portaria<\/a><\/div><\/div>\n","protected":false},"excerpt":{"rendered":"<p>Designar, a partir de 03 de abril de 2003, como representantes discentes da Comiss\u00e3o de Ger\u00eancia do Programa de Fomento \u00e0 P\u00f3s-Gradua\u00e7\u00e3o &#8211; PROF, no \u00e2mbito da Universidade Federal do Paran\u00e1, os seguintes representantes: Titular: RUP\u00c9RSIO \u00c1LVARES CAN\u00c7ADO (T\u00c7ecnolAogia Dde AOlimen tos) SORAIA ZIONCZ (Qu\u00edmica) Suplente: JOS\u00c9 ALDIR PINTO DA SILVA (Ci\u00eancias Biol\u00f3\u00fagicas &#8211; Entomologia)  {&#8220;height&#8221;:&#8221;15px&#8221;} <\/p>\n<div style=\"height:15px\" aria-hidden=\"true\" class=\"wp-block-spacer\"> <!-- \/wp:spacer  {\"layout\":{\"type\":\"flex\",\"justifyContent\":\"right\"}} \n\n<div class=\"wp-block-buttons\"><!-- wp:button {\"style\":{\"border\":{\"radius\":\"0px\"}},\"className\":\"is-style-outline\",\"fontSize\":\"small\"} \n\n<div class=\"wp-block-button has-custom-font-size is-style-outline has-small-font-size\"><a class=\"wp-block-button__link\" href=\"https:\/\/progepe.ufpr.br\/portarias\/wp-content\/uploads\/pcp\/RT\/2003\/601R.pdf\" style=\"border-radius:0px\" target=\"_blank\" rel=\"noreferrer noopener\">Acesse o arquivo da portaria<\/a><!-- \/wp:button <!-- \/wp:bu\n<\/p>\n","protected":false},"author":41,"featured_media":0,"comment_status":"closed","ping_status":"closed","sticky":false,"template":"wp-custom-template-emissao-entre-01-05-2004-ate-30-06-2017","format":"standard","meta":{"_acf_changed":false,"iawp_total_views":0,"footnotes":""},"categories":[117],"tags":[],"class_list":["post-230042","post","type-post","status-publish","format-standard","hentry","category-rt"],"acf":[],"_links":{"self":[{"href":"https:\/\/progepe.ufpr.br\/portarias\/wp-json\/wp\/v2\/posts\/230042","targetHints":{"allow":["GET"]}}],"collection":[{"href":"https:\/\/progepe.ufpr.br\/portarias\/wp-json\/wp\/v2\/posts"}],"about":[{"href":"https:\/\/progepe.ufpr.br\/portarias\/wp-json\/wp\/v2\/types\/post"}],"author":[{"embeddable":true,"href":"https:\/\/progepe.ufpr.br\/portarias\/wp-json\/wp\/v2\/users\/41"}],"replies":[{"embeddable":true,"href":"https:\/\/progepe.ufpr.br\/portarias\/wp-json\/wp\/v2\/comments?post=230042"}],"version-history":[{"count":1,"href":"https:\/\/progepe.ufpr.br\/portarias\/wp-json\/wp\/v2\/posts\/230042\/revisions"}],"predecessor-version":[{"id":230620,"href":"https:\/\/progepe.ufpr.br\/portarias\/wp-json\/wp\/v2\/posts\/230042\/revisions\/230620"}],"wp:attachment":[{"href":"https:\/\/progepe.ufpr.br\/portarias\/wp-json\/wp\/v2\/media?parent=230042"}],"wp:term":[{"taxonomy":"category","embeddable":true,"href":"https:\/\/progepe.ufpr.br\/portarias\/wp-json\/wp\/v2\/categories?post=230042"},{"taxonomy":"post_tag","embeddable":true,"href":"https:\/\/progepe.ufpr.br\/portarias\/wp-json\/wp\/v2\/tags?post=230042"}],"curies":[{"name":"wp","href":"https:\/\/api.w.org\/{rel}","templated":true}]}}