{"id":230300,"date":"2003-09-30T05:03:00","date_gmt":"2003-09-30T08:03:00","guid":{"rendered":"http:\/\/progepe.ufpr.br\/portarias\/rt-2003-00866\/"},"modified":"2023-08-10T14:48:42","modified_gmt":"2023-08-10T17:48:42","slug":"rt-2003-00866","status":"publish","type":"post","link":"https:\/\/progepe.ufpr.br\/portarias\/rt-2003-00866\/","title":{"rendered":"PORTARIA N\u00ba 00866\/REITORIA, DE 30 DE SETEMBRO DE 2003"},"content":{"rendered":"\n<p>O Reitor da Universidade Federal do Paran\u00e1, no uso de &#038;has atribui\u00e7\u00f5es e tendo em vista o contido no processo n\u00ba \/ 39833\/03- 18,<\/p>\n\n\n<p><strong>RESOLVE:<\/strong><\/p>\n\n\n<p>Designar, \u00e0 partir de 09 de setembro de 2003, a servidora ANDYARA MARIA MUNIZ REBACK &#8211; 131482, ocupante do cargo de Procurador, lotada na Consultoria e Procuradonia Jur\u00eddica desta Universidade, como representante da CPJ na comiss\u00e3o para elabora\u00e7\u00e3o de proposta de resolu\u00e7\u00e3o que regulamente as transfer\u00eancias mdependentes de vagas no \u00e2mbito da Univesidade Federal do Paran\u00e1, institu\u00edda pela Portaria n\u00ba 828, de |l de agosto de 2003 TAn<\/p><p><\/p>\n\n\n<div style=\"height:15px\" aria-hidden=\"true\" class=\"wp-block-spacer\"><\/div>\n\n\n<div class=\"wp-block-buttons is-content-justification-right is-layout-flex wp-container-core-buttons-is-layout-1 wp-block-buttons-is-layout-flex\">\n<div class=\"wp-block-button has-custom-font-size is-style-outline has-small-font-size is-style-outline--1\"><a class=\"wp-block-button__link\" href=\"https:\/\/progepe.ufpr.br\/portarias\/wp-content\/uploads\/pcp\/RT\/2003\/866R.pdf\" style=\"border-radius:0px\" target=\"_blank\" rel=\"noreferrer noopener\">Acesse o arquivo da portaria<\/a><\/div><\/div>\n","protected":false},"excerpt":{"rendered":"<p>Designar, \u00e0 partir de 09 de setembro de 2003, a servidora ANDYARA MARIA MUNIZ REBACK &#8211; 131482, ocupante do cargo de Procurador, lotada na Consultoria e Procuradonia Jur\u00eddica desta Universidade, como representante da CPJ na comiss\u00e3o para elabora\u00e7\u00e3o de proposta de resolu\u00e7\u00e3o que regulamente as transfer\u00eancias mdependentes de vagas no \u00e2mbito da Univesidade Federal do Paran\u00e1, institu\u00edda pela Portaria n\u00ba 828, de |l de agosto de 2003 TAn  {&#8220;height&#8221;:&#8221;15px&#8221;} <\/p>\n<div style=\"height:15px\" aria-hidden=\"true\" class=\"wp-block-spacer\"> <!-- \/wp:spacer  {\"layout\":{\"type\":\"flex\",\"justifyContent\":\"right\"}} \n\n<div class=\"wp-block-buttons\"><!-- wp:button {\"style\":{\"border\":{\"radius\":\"0px\"}},\"className\":\"is-style-outline\",\"fontSize\":\"small\"} \n\n<div class=\"wp-block-button has-custom-font-size is-style-outline has-small-font-size\"><a class=\"wp-block-button__link\" href=\"https:\/\/progepe.ufpr.br\/portarias\/wp-content\/uploads\/pcp\/RT\/2003\/866R.pdf\" style=\"border-radius:0px\" target=\"_blank\" rel=\"noreferrer noopener\">Acess\n<\/p>\n","protected":false},"author":41,"featured_media":0,"comment_status":"closed","ping_status":"closed","sticky":false,"template":"wp-custom-template-emissao-entre-01-05-2004-ate-30-06-2017","format":"standard","meta":{"_acf_changed":false,"iawp_total_views":1,"footnotes":""},"categories":[117],"tags":[],"class_list":["post-230300","post","type-post","status-publish","format-standard","hentry","category-rt"],"acf":[],"_links":{"self":[{"href":"https:\/\/progepe.ufpr.br\/portarias\/wp-json\/wp\/v2\/posts\/230300","targetHints":{"allow":["GET"]}}],"collection":[{"href":"https:\/\/progepe.ufpr.br\/portarias\/wp-json\/wp\/v2\/posts"}],"about":[{"href":"https:\/\/progepe.ufpr.br\/portarias\/wp-json\/wp\/v2\/types\/post"}],"author":[{"embeddable":true,"href":"https:\/\/progepe.ufpr.br\/portarias\/wp-json\/wp\/v2\/users\/41"}],"replies":[{"embeddable":true,"href":"https:\/\/progepe.ufpr.br\/portarias\/wp-json\/wp\/v2\/comments?post=230300"}],"version-history":[{"count":1,"href":"https:\/\/progepe.ufpr.br\/portarias\/wp-json\/wp\/v2\/posts\/230300\/revisions"}],"predecessor-version":[{"id":230830,"href":"https:\/\/progepe.ufpr.br\/portarias\/wp-json\/wp\/v2\/posts\/230300\/revisions\/230830"}],"wp:attachment":[{"href":"https:\/\/progepe.ufpr.br\/portarias\/wp-json\/wp\/v2\/media?parent=230300"}],"wp:term":[{"taxonomy":"category","embeddable":true,"href":"https:\/\/progepe.ufpr.br\/portarias\/wp-json\/wp\/v2\/categories?post=230300"},{"taxonomy":"post_tag","embeddable":true,"href":"https:\/\/progepe.ufpr.br\/portarias\/wp-json\/wp\/v2\/tags?post=230300"}],"curies":[{"name":"wp","href":"https:\/\/api.w.org\/{rel}","templated":true}]}}