{"id":230303,"date":"2003-09-30T05:06:00","date_gmt":"2003-09-30T08:06:00","guid":{"rendered":"http:\/\/progepe.ufpr.br\/portarias\/rt-2003-00869\/"},"modified":"2023-08-10T14:48:42","modified_gmt":"2023-08-10T17:48:42","slug":"rt-2003-00869","status":"publish","type":"post","link":"https:\/\/progepe.ufpr.br\/portarias\/rt-2003-00869\/","title":{"rendered":"PORTARIA N\u00ba 00869\/REITORIA, DE 30 DE SETEMBRO DE 2003"},"content":{"rendered":"\n<p>O Reitor da Universidade Federal do Paran\u00e1, no uso de suas atribui\u00e7\u00f5es e tendo em vista o contida no processo n\u00ba 40143\/03- S7,<\/p>\n\n\n<p><strong>RESOLVE:<\/strong><\/p>\n\n\n<p>[. Exonerar, a partird e Ol de outubro de 2003, o Professor PAULO CESAR OKIMOTO &#8211; 10307], classe Adjunto, no Tegime de trabalho de dedica\u00e7\u00e3o exclusiva, do cargo de Vice-Coordenador do Curso de P\u00f3s-Gradua\u00e7\u00e3o em Engenharia Mec\u00e2nica do Setor de Tecnologia.<\/p><p> 1. Designar, a partir da mesma data, o citado docente para, de acordo com o Art. 2\u00ba inciso [1, combinadcoom o antigo4\u00ba da Resoln\u00ba u04\u00e7\/95\u00e3-CoOUN , exercer o cargo de Coordenador do Cursod e P\u00f3s-Gradua\u00e7\u00e3oem Engenharia Mec\u00e2nica, FG-0), do Setor de Tecnologia, cumprindo o mandato at\u00e9 21 de mar\u00e7o de 2004, N. Q meferido docente cumprir\u00e1, obrigatoriamente, o regime de trabalho de ternpo integral, de acordo com o disposto no $ 5\u00ba, artigo 1\u00ba da Lei n\u00ba 8. 168\/91, mw<\/p><p><\/p>\n\n\n<div style=\"height:15px\" aria-hidden=\"true\" class=\"wp-block-spacer\"><\/div>\n\n\n<div class=\"wp-block-buttons is-content-justification-right is-layout-flex wp-container-core-buttons-is-layout-1 wp-block-buttons-is-layout-flex\">\n<div class=\"wp-block-button has-custom-font-size is-style-outline has-small-font-size is-style-outline--1\"><a class=\"wp-block-button__link\" href=\"https:\/\/progepe.ufpr.br\/portarias\/wp-content\/uploads\/pcp\/RT\/2003\/869R.pdf\" style=\"border-radius:0px\" target=\"_blank\" rel=\"noreferrer noopener\">Acesse o arquivo da portaria<\/a><\/div><\/div>\n","protected":false},"excerpt":{"rendered":"<p>[. Exonerar, a partird e Ol de outubro de 2003, o Professor PAULO CESAR OKIMOTO &#8211; 10307], classe Adjunto, no Tegime de trabalho de dedica\u00e7\u00e3o exclusiva, do cargo de Vice-Coordenador do Curso de P\u00f3s-Gradua\u00e7\u00e3o em Engenharia Mec\u00e2nica do Setor de Tecnologia. 1. Designar, a partir da mesma data, o citado docente para, de acordo com o Art. 2\u00ba inciso [1, combinadcoom o antigo4\u00ba da Resoln\u00ba u04\u00e7\/95\u00e3-CoOUN , exercer o cargo de Coordenador do Cursod e P\u00f3s-Gradua\u00e7\u00e3oem Engenharia Mec\u00e2nica, FG-0), do Setor de Tecnologia, cumprindo o mandato at\u00e9 21 de mar\u00e7o de 2004, N. Q meferido docente cumprir\u00e1, obrigatoriamente,<\/p>\n","protected":false},"author":41,"featured_media":0,"comment_status":"closed","ping_status":"closed","sticky":false,"template":"wp-custom-template-emissao-entre-01-05-2004-ate-30-06-2017","format":"standard","meta":{"_acf_changed":false,"iawp_total_views":0,"footnotes":""},"categories":[117],"tags":[],"class_list":["post-230303","post","type-post","status-publish","format-standard","hentry","category-rt"],"acf":[],"_links":{"self":[{"href":"https:\/\/progepe.ufpr.br\/portarias\/wp-json\/wp\/v2\/posts\/230303","targetHints":{"allow":["GET"]}}],"collection":[{"href":"https:\/\/progepe.ufpr.br\/portarias\/wp-json\/wp\/v2\/posts"}],"about":[{"href":"https:\/\/progepe.ufpr.br\/portarias\/wp-json\/wp\/v2\/types\/post"}],"author":[{"embeddable":true,"href":"https:\/\/progepe.ufpr.br\/portarias\/wp-json\/wp\/v2\/users\/41"}],"replies":[{"embeddable":true,"href":"https:\/\/progepe.ufpr.br\/portarias\/wp-json\/wp\/v2\/comments?post=230303"}],"version-history":[{"count":1,"href":"https:\/\/progepe.ufpr.br\/portarias\/wp-json\/wp\/v2\/posts\/230303\/revisions"}],"predecessor-version":[{"id":230833,"href":"https:\/\/progepe.ufpr.br\/portarias\/wp-json\/wp\/v2\/posts\/230303\/revisions\/230833"}],"wp:attachment":[{"href":"https:\/\/progepe.ufpr.br\/portarias\/wp-json\/wp\/v2\/media?parent=230303"}],"wp:term":[{"taxonomy":"category","embeddable":true,"href":"https:\/\/progepe.ufpr.br\/portarias\/wp-json\/wp\/v2\/categories?post=230303"},{"taxonomy":"post_tag","embeddable":true,"href":"https:\/\/progepe.ufpr.br\/portarias\/wp-json\/wp\/v2\/tags?post=230303"}],"curies":[{"name":"wp","href":"https:\/\/api.w.org\/{rel}","templated":true}]}}