{"id":230313,"date":"2003-10-09T05:06:00","date_gmt":"2003-10-09T08:06:00","guid":{"rendered":"http:\/\/progepe.ufpr.br\/portarias\/rt-2003-00879\/"},"modified":"2023-08-10T14:48:43","modified_gmt":"2023-08-10T17:48:43","slug":"rt-2003-00879","status":"publish","type":"post","link":"https:\/\/progepe.ufpr.br\/portarias\/rt-2003-00879\/","title":{"rendered":"PORTARIA N\u00ba 00879\/REITORIA, DE 09 DE OUTUBRO DE 2003"},"content":{"rendered":"\n<p>O Reitor da Universidade Federal do Paran\u00e1, no uso de suas atribui\u00e7\u00f5es e tendo em vista o contido no processo n\u00ba 43394\/03-,<\/p>\n\n\n<p><strong>RESOLVE:<\/strong><\/p>\n\n\n<p>. Designar, a partir de 0l de outubro de 2003, comiss\u00e3o para propor Frojeto Did\u00e1tico Pedag\u00f3gico de integra\u00e7\u00e3o entre os setores de Tecnologia e Ci\u00eancias Exatas na \u00e1rea de gradua\u00e7\u00e3o, composta p\u00e9los tepuintes membros: Presidente:: MARIA TARCISA SILVA BEGA &#8211; 105619 Membros: HELIO HIPOLITO SIMIEMA &#8211; 61581 SILVIA HELENA SOARES SCHWAB &#8211; 88250 MAURO LACERDA SANTOS FILHO &#8211; 70793 WILIAM 41.VES BARBOSA &#8211; 71595 OMAR SABBAG FILHO &#8211; 71650 SORAYA ROSANA TORRES KUDRI &#8211; 83925 PALMIRA SEVEGNANI DE FREITAS &#8211; 156450 1, A\u00c0 comiss\u00e3o ter\u00e1 o prazo de 120 (cento e vinte) dias para a conclus\u00e3o dos trabalhos.<\/p><p><\/p><p>MARIA TARCISA SILVA BEGA; HELIO HIPOLITO SIMIEMA; SILVIA HELENA SOARES SCHWAB; MAURO LACERDA SANTOS FILHO; WILIAM ALVES BARBOSA; OMAR SABBAG FILHO; SORAYA ROSANA TORRES KUDRI; PALMIRA SEVEGNANI DE FREITAS<\/p><p><\/p>\n\n\n<div style=\"height:15px\" aria-hidden=\"true\" class=\"wp-block-spacer\"><\/div>\n\n\n<div class=\"wp-block-buttons is-content-justification-right is-layout-flex wp-container-core-buttons-is-layout-1 wp-block-buttons-is-layout-flex\">\n<div class=\"wp-block-button has-custom-font-size is-style-outline has-small-font-size is-style-outline--1\"><a class=\"wp-block-button__link\" href=\"https:\/\/progepe.ufpr.br\/portarias\/wp-content\/uploads\/pcp\/RT\/2003\/879R.pdf\" style=\"border-radius:0px\" target=\"_blank\" rel=\"noreferrer noopener\">Acesse o arquivo da portaria<\/a><\/div><\/div>\n","protected":false},"excerpt":{"rendered":"<p>. Designar, a partir de 0l de outubro de 2003, comiss\u00e3o para propor Frojeto Did\u00e1tico Pedag\u00f3gico de integra\u00e7\u00e3o entre os setores de Tecnologia e Ci\u00eancias Exatas na \u00e1rea de gradua\u00e7\u00e3o, composta p\u00e9los tepuintes membros: Presidente:: MARIA TARCISA SILVA BEGA &#8211; 105619 Membros: HELIO HIPOLITO SIMIEMA &#8211; 61581 SILVIA HELENA SOARES SCHWAB &#8211; 88250 MAURO LACERDA SANTOS FILHO &#8211; 70793 WILIAM 41.VES BARBOSA &#8211; 71595 OMAR SABBAG FILHO &#8211; 71650 SORAYA ROSANA TORRES KUDRI &#8211; 83925 PALMIRA SEVEGNANI DE FREITAS &#8211; 156450 1, A\u00c0 comiss\u00e3o ter\u00e1 o prazo de 120 (cento e vinte) dias para a conclus\u00e3o dos trabalhos.MARIA<\/p>\n","protected":false},"author":41,"featured_media":0,"comment_status":"closed","ping_status":"closed","sticky":false,"template":"wp-custom-template-emissao-entre-01-05-2004-ate-30-06-2017","format":"standard","meta":{"_acf_changed":false,"iawp_total_views":0,"footnotes":""},"categories":[117],"tags":[],"class_list":["post-230313","post","type-post","status-publish","format-standard","hentry","category-rt"],"acf":[],"_links":{"self":[{"href":"https:\/\/progepe.ufpr.br\/portarias\/wp-json\/wp\/v2\/posts\/230313","targetHints":{"allow":["GET"]}}],"collection":[{"href":"https:\/\/progepe.ufpr.br\/portarias\/wp-json\/wp\/v2\/posts"}],"about":[{"href":"https:\/\/progepe.ufpr.br\/portarias\/wp-json\/wp\/v2\/types\/post"}],"author":[{"embeddable":true,"href":"https:\/\/progepe.ufpr.br\/portarias\/wp-json\/wp\/v2\/users\/41"}],"replies":[{"embeddable":true,"href":"https:\/\/progepe.ufpr.br\/portarias\/wp-json\/wp\/v2\/comments?post=230313"}],"version-history":[{"count":1,"href":"https:\/\/progepe.ufpr.br\/portarias\/wp-json\/wp\/v2\/posts\/230313\/revisions"}],"predecessor-version":[{"id":230840,"href":"https:\/\/progepe.ufpr.br\/portarias\/wp-json\/wp\/v2\/posts\/230313\/revisions\/230840"}],"wp:attachment":[{"href":"https:\/\/progepe.ufpr.br\/portarias\/wp-json\/wp\/v2\/media?parent=230313"}],"wp:term":[{"taxonomy":"category","embeddable":true,"href":"https:\/\/progepe.ufpr.br\/portarias\/wp-json\/wp\/v2\/categories?post=230313"},{"taxonomy":"post_tag","embeddable":true,"href":"https:\/\/progepe.ufpr.br\/portarias\/wp-json\/wp\/v2\/tags?post=230313"}],"curies":[{"name":"wp","href":"https:\/\/api.w.org\/{rel}","templated":true}]}}