{"id":230320,"date":"2003-10-17T05:00:00","date_gmt":"2003-10-17T08:00:00","guid":{"rendered":"http:\/\/progepe.ufpr.br\/portarias\/rt-2003-00886\/"},"modified":"2003-10-17T05:00:00","modified_gmt":"2003-10-17T08:00:00","slug":"rt-2003-00886","status":"publish","type":"post","link":"https:\/\/progepe.ufpr.br\/portarias\/rt-2003-00886\/","title":{"rendered":"PORTARIA N\u00ba 00886\/REITORIA, DE 17 DE OUTUBRO DE 2003"},"content":{"rendered":"\n<p>O Reitor da Universidade Federal do Paran\u00e1, no uso de Suas atribui\u00e7\u00f5es e consuwlerando o que consta no processo n\u00ba 45644\/03-20,<\/p>\n\n\n<p><strong>RESOLVE:<\/strong><\/p>\n\n\n<p>I. Cessar, a partir de 12 de setembro de 2003, o5 efeitos da Port\u00edivia n 477, de 26 de fevereiro de 2003.<\/p><p> II. Designar, a partir da mesma data, como membros da Comiss\u00e3o de Estudos e Acompanhamento do Projeto Pedag\u00f3gico do Curso de Terapia Cicupacional da UFPR, os seguintes integrantes: .<\/p><p> Presidente: VERA LUCIA LOPES.<\/p><p> Membros: .<\/p><p> ANDREA MARIA FEDEGER.<\/p><p> CLAUDIO AURELIO DE SOUZA.<\/p><p> ISIS MARIA RORIZ SETTI.<\/p><p> JANETE NASCIMENTO ABU HANNA.<\/p><p> JEANINE MARIA LINZMEYER.<\/p><p> LIA HUMBER PENA.<\/p><p> MARIA DE FATIMA MANTOVANI.<\/p><p> MARIA ELOIZA EMEL.<\/p><p> MARILENE PUPPI.<\/p><p> MILTON CARLOS MARIOTTI.<\/p><p> PATRICIA LUCIANE SANTOS DE LIMA.<\/p><p><\/p>\n\n\n<div style=\"height:15px\" aria-hidden=\"true\" class=\"wp-block-spacer\"><\/div>\n\n\n<div class=\"wp-block-buttons is-content-justification-right is-layout-flex wp-container-core-buttons-is-layout-1 wp-block-buttons-is-layout-flex\">\n<div class=\"wp-block-button has-custom-font-size is-style-outline has-small-font-size is-style-outline--1\"><a class=\"wp-block-button__link\" href=\"https:\/\/progepe.ufpr.br\/portarias\/wp-content\/uploads\/pcp\/RT\/2003\/886R.pdf\" style=\"border-radius:0px\" target=\"_blank\" rel=\"noreferrer noopener\">Acesse o arquivo da portaria<\/a><\/div><\/div>\n","protected":false},"excerpt":{"rendered":"<p>I. Cessar, a partir de 12 de setembro de 2003, o5 efeitos da Port\u00edivia n 477, de 26 de fevereiro de 2003. II. Designar, a partir da mesma data, como membros da Comiss\u00e3o de Estudos e Acompanhamento do Projeto Pedag\u00f3gico do Curso de Terapia Cicupacional da UFPR, os seguintes integrantes: . Presidente: VERA LUCIA LOPES. Membros: . ANDREA MARIA FEDEGER. CLAUDIO AURELIO DE SOUZA. ISIS MARIA RORIZ SETTI. JANETE NASCIMENTO ABU HANNA. JEANINE MARIA LINZMEYER. LIA HUMBER PENA. MARIA DE FATIMA MANTOVANI. MARIA ELOIZA EMEL. MARILENE PUPPI. MILTON CARLOS MARIOTTI. PATRICIA LUCIANE SANTOS DE LIMA.  {&#8220;height&#8221;:&#8221;15px&#8221;} <\/p>\n<div \n\n","protected":false},"author":41,"featured_media":0,"comment_status":"closed","ping_status":"closed","sticky":false,"template":"wp-custom-template-emissao-entre-01-05-2004-ate-30-06-2017","format":"standard","meta":{"_acf_changed":false,"iawp_total_views":0,"footnotes":""},"categories":[117],"tags":[],"class_list":["post-230320","post","type-post","status-publish","format-standard","hentry","category-rt"],"acf":[],"_links":{"self":[{"href":"https:\/\/progepe.ufpr.br\/portarias\/wp-json\/wp\/v2\/posts\/230320","targetHints":{"allow":["GET"]}}],"collection":[{"href":"https:\/\/progepe.ufpr.br\/portarias\/wp-json\/wp\/v2\/posts"}],"about":[{"href":"https:\/\/progepe.ufpr.br\/portarias\/wp-json\/wp\/v2\/types\/post"}],"author":[{"embeddable":true,"href":"https:\/\/progepe.ufpr.br\/portarias\/wp-json\/wp\/v2\/users\/41"}],"replies":[{"embeddable":true,"href":"https:\/\/progepe.ufpr.br\/portarias\/wp-json\/wp\/v2\/comments?post=230320"}],"version-history":[{"count":0,"href":"https:\/\/progepe.ufpr.br\/portarias\/wp-json\/wp\/v2\/posts\/230320\/revisions"}],"wp:attachment":[{"href":"https:\/\/progepe.ufpr.br\/portarias\/wp-json\/wp\/v2\/media?parent=230320"}],"wp:term":[{"taxonomy":"category","embeddable":true,"href":"https:\/\/progepe.ufpr.br\/portarias\/wp-json\/wp\/v2\/categories?post=230320"},{"taxonomy":"post_tag","embeddable":true,"href":"https:\/\/progepe.ufpr.br\/portarias\/wp-json\/wp\/v2\/tags?post=230320"}],"curies":[{"name":"wp","href":"https:\/\/api.w.org\/{rel}","templated":true}]}}