{"id":230357,"date":"2003-11-26T05:00:00","date_gmt":"2003-11-26T07:00:00","guid":{"rendered":"http:\/\/progepe.ufpr.br\/portarias\/rt-2003-00923\/"},"modified":"2023-09-22T15:44:10","modified_gmt":"2023-09-22T18:44:10","slug":"rt-2003-00923","status":"publish","type":"post","link":"https:\/\/progepe.ufpr.br\/portarias\/rt-2003-00923\/","title":{"rendered":"PORTARIA N\u00ba 00923\/REITORIA, DE 26 DE NOVEMBRO DE 2003"},"content":{"rendered":"\n<p style=\"padding-left:43%\">O Reitor da Universidade Federal do Paran\u00e1, no uso das atribui\u00e7\u00f5es,<\/p>\n\n\n\n<p style=\"padding-left:43%\"><strong>RESOLVE:<\/strong><\/p>\n\n\n\n<p>Delegar compet\u00eancia ao Pr\u00f3-Reitor de Recursos Humanos e Assuntos LEstudantis, VILSON KACHEL &#8211; 78484, CPF n\u00ba \u275a\u275a\u275a.\u275a\u275a\u275a.\u275a\u275a\u275a-\u275a\u275a, RG n\u00ba \u275a.\u275a\u275a\u275a.\u275a\u275a\u275a-\u275a, para representar a Universidade Federal do Paran\u00e1 no Conselho Administrativo do GEAP.<\/p>\n","protected":false},"excerpt":{"rendered":"<p>Delegar compet\u00eancia ao Pr\u00f3-Reitor de Recursos Humanos e Assuntos LEstudantis, VILSON KACHEL &#8211; 78484, CPF n\u00ba \u275a\u275a\u275a.\u275a\u275a\u275a.\u275a\u275a\u275a-\u275a\u275a, RG n\u00ba \u275a.\u275a\u275a\u275a.\u275a\u275a\u275a-\u275a, para representar a Universidade Federal do Paran\u00e1 no Conselho Administrativo do GEAP.<\/p>\n","protected":false},"author":41,"featured_media":0,"comment_status":"closed","ping_status":"closed","sticky":false,"template":"","format":"standard","meta":{"_acf_changed":false,"iawp_total_views":0,"footnotes":""},"categories":[117],"tags":[119],"class_list":["post-230357","post","type-post","status-publish","format-standard","hentry","category-rt","tag-diversos"],"acf":[],"_links":{"self":[{"href":"https:\/\/progepe.ufpr.br\/portarias\/wp-json\/wp\/v2\/posts\/230357","targetHints":{"allow":["GET"]}}],"collection":[{"href":"https:\/\/progepe.ufpr.br\/portarias\/wp-json\/wp\/v2\/posts"}],"about":[{"href":"https:\/\/progepe.ufpr.br\/portarias\/wp-json\/wp\/v2\/types\/post"}],"author":[{"embeddable":true,"href":"https:\/\/progepe.ufpr.br\/portarias\/wp-json\/wp\/v2\/users\/41"}],"replies":[{"embeddable":true,"href":"https:\/\/progepe.ufpr.br\/portarias\/wp-json\/wp\/v2\/comments?post=230357"}],"version-history":[{"count":9,"href":"https:\/\/progepe.ufpr.br\/portarias\/wp-json\/wp\/v2\/posts\/230357\/revisions"}],"predecessor-version":[{"id":251986,"href":"https:\/\/progepe.ufpr.br\/portarias\/wp-json\/wp\/v2\/posts\/230357\/revisions\/251986"}],"wp:attachment":[{"href":"https:\/\/progepe.ufpr.br\/portarias\/wp-json\/wp\/v2\/media?parent=230357"}],"wp:term":[{"taxonomy":"category","embeddable":true,"href":"https:\/\/progepe.ufpr.br\/portarias\/wp-json\/wp\/v2\/categories?post=230357"},{"taxonomy":"post_tag","embeddable":true,"href":"https:\/\/progepe.ufpr.br\/portarias\/wp-json\/wp\/v2\/tags?post=230357"}],"curies":[{"name":"wp","href":"https:\/\/api.w.org\/{rel}","templated":true}]}}