{"id":230946,"date":"2002-04-30T05:38:00","date_gmt":"2002-04-30T08:38:00","guid":{"rendered":"http:\/\/progepe.ufpr.br\/portarias\/rt-2002-00039\/"},"modified":"2023-08-11T10:39:04","modified_gmt":"2023-08-11T13:39:04","slug":"rt-2002-00039","status":"publish","type":"post","link":"https:\/\/progepe.ufpr.br\/portarias\/rt-2002-00039\/","title":{"rendered":"PORTARIA N\u00ba 00039\/REITORIA, DE 30 DE ABRIL DE 2002"},"content":{"rendered":"\n<p>O Reitor da Universidade Federal do Paran\u00e1, no uso de suas atribui\u00e7\u00f5es, consio dquee cornstaa no dartiogo 9\u00ba i\u00edn1c1 ida sLeoi n\u00ba 8.112\/90,<\/p>\n\n\n<p><strong>RESOLVE:<\/strong><\/p>\n\n\n<p>I. Nomear, a partir de 30 de abri) de 2002, \u00e0 servidora ANA LUISA FAYET SALLAS &#8211; 105697, classe Adjunto, dedica\u00e7\u00e3o exclusiva, para exereer 6 cargo: de cunfian\u00e7a de Dinetor do Museu de Anqueologia c Einologia, CD-04, da Pr\u00f3-Reitoria de Extens\u00e3o c Culura, auiorizado pcla Medida Provis\u00f3ria n\u00ba 1534\/06, regulamepenlat aPodrtari a Intermin\u00e1sterialn\u00ba 1.407\/96-MEC-MARE.<\/p><p> II. A referida sesvidora cemprin\u00e1, obrigatoriamente, o Tegime de trabalho de tcmpo integral, de acordo com o disposto no $5\u00ba, artigo 1\u00ba da Lei n\u00ba 8. 168\/91.<\/p><p><\/p>\n\n\n<div style=\"height:15px\" aria-hidden=\"true\" class=\"wp-block-spacer\"><\/div>\n\n\n<div class=\"wp-block-buttons is-content-justification-right is-layout-flex wp-container-core-buttons-is-layout-1 wp-block-buttons-is-layout-flex\">\n<div class=\"wp-block-button has-custom-font-size is-style-outline has-small-font-size is-style-outline--1\"><a class=\"wp-block-button__link\" href=\"https:\/\/progepe.ufpr.br\/portarias\/wp-content\/uploads\/pcp\/RT\/2002\/39R.pdf\" style=\"border-radius:0px\" target=\"_blank\" rel=\"noreferrer noopener\">Acesse o arquivo da portaria<\/a><\/div><\/div>\n","protected":false},"excerpt":{"rendered":"<p>I. Nomear, a partir de 30 de abri) de 2002, \u00e0 servidora ANA LUISA FAYET SALLAS &#8211; 105697, classe Adjunto, dedica\u00e7\u00e3o exclusiva, para exereer 6 cargo: de cunfian\u00e7a de Dinetor do Museu de Anqueologia c Einologia, CD-04, da Pr\u00f3-Reitoria de Extens\u00e3o c Culura, auiorizado pcla Medida Provis\u00f3ria n\u00ba 1534\/06, regulamepenlat aPodrtari a Intermin\u00e1sterialn\u00ba 1.407\/96-MEC-MARE. II. A referida sesvidora cemprin\u00e1, obrigatoriamente, o Tegime de trabalho de tcmpo integral, de acordo com o disposto no $5\u00ba, artigo 1\u00ba da Lei n\u00ba 8. 168\/91.  {&#8220;height&#8221;:&#8221;15px&#8221;} <\/p>\n<div style=\"height:15px\" aria-hidden=\"true\" class=\"wp-block-spacer\"> <!-- \/wp:spacer  {\"layout\":{\"type\":\"flex\",\"justifyContent\":\"right\"}} \n\n<div class=\"wp-block-buttons\"><!-- wp:button {\"style\":{\"border\":{\"radius\":\"0px\"}},\"className\":\"is-style-outline\",\"fontSize\":\"small\"} \n\n<div class=\"wp-block-button has-custom-font-size \n\n","protected":false},"author":41,"featured_media":0,"comment_status":"closed","ping_status":"closed","sticky":false,"template":"wp-custom-template-emissao-entre-01-05-2004-ate-30-06-2017","format":"standard","meta":{"_acf_changed":false,"iawp_total_views":0,"footnotes":""},"categories":[117],"tags":[],"class_list":["post-230946","post","type-post","status-publish","format-standard","hentry","category-rt"],"acf":[],"_links":{"self":[{"href":"https:\/\/progepe.ufpr.br\/portarias\/wp-json\/wp\/v2\/posts\/230946","targetHints":{"allow":["GET"]}}],"collection":[{"href":"https:\/\/progepe.ufpr.br\/portarias\/wp-json\/wp\/v2\/posts"}],"about":[{"href":"https:\/\/progepe.ufpr.br\/portarias\/wp-json\/wp\/v2\/types\/post"}],"author":[{"embeddable":true,"href":"https:\/\/progepe.ufpr.br\/portarias\/wp-json\/wp\/v2\/users\/41"}],"replies":[{"embeddable":true,"href":"https:\/\/progepe.ufpr.br\/portarias\/wp-json\/wp\/v2\/comments?post=230946"}],"version-history":[{"count":1,"href":"https:\/\/progepe.ufpr.br\/portarias\/wp-json\/wp\/v2\/posts\/230946\/revisions"}],"predecessor-version":[{"id":231703,"href":"https:\/\/progepe.ufpr.br\/portarias\/wp-json\/wp\/v2\/posts\/230946\/revisions\/231703"}],"wp:attachment":[{"href":"https:\/\/progepe.ufpr.br\/portarias\/wp-json\/wp\/v2\/media?parent=230946"}],"wp:term":[{"taxonomy":"category","embeddable":true,"href":"https:\/\/progepe.ufpr.br\/portarias\/wp-json\/wp\/v2\/categories?post=230946"},{"taxonomy":"post_tag","embeddable":true,"href":"https:\/\/progepe.ufpr.br\/portarias\/wp-json\/wp\/v2\/tags?post=230946"}],"curies":[{"name":"wp","href":"https:\/\/api.w.org\/{rel}","templated":true}]}}