{"id":232149,"date":"2005-01-14T10:03:00","date_gmt":"2005-01-14T12:03:00","guid":{"rendered":"http:\/\/progepe.ufpr.br\/portarias\/prhae-2005-06773\/"},"modified":"2023-08-14T15:35:23","modified_gmt":"2023-08-14T18:35:23","slug":"prhae-2005-06773","status":"publish","type":"post","link":"https:\/\/progepe.ufpr.br\/portarias\/prhae-2005-06773\/","title":{"rendered":"PORTARIA N\u00ba 06773\/PRHAE, DE 14 DE JANEIRO DE 2005"},"content":{"rendered":"\n<p>O Pr\u00f3-Reitor de Recursos Humanos e Assuntos Estudantis da Universidade Federal do Paran\u00e1, no uso de suas atribui\u00e7\u00f5es, tendo em vista a compet\u00eancia que lhe \u00e9 conferida pela Portaria n\u00ba 2.590, de 26 de setembro de 1997 e considerando o que consta no artigo 103, inciso V da Lei n\u00ba 8.112\/90 e ainda o contido no processo n\u00ba 498\/05-39,<\/p>\n\n\n<p><strong>RESOLVE:<\/strong><\/p>\n\n\n<p>Averbar, a partir de 12 de janeiro de 2005, para fins de aposentadoria especial e disponibilidade, o tempo de servi\u00e7o prestado \u00e0 Prefeitura Municipal de Curitiba, no per\u00edodo de 30.09.1985 a 22.08.1994, no total de 3.249 (tr\u00eas mil duzentos e quarenta e nove) dias; Escola Anjo da Guarda SC Ltda, no per\u00edodo de 02.04.1975 a 19.06.1979, no total de 1540 (mil quinhentos e quarenta) dias; e, Escola Anjo da Guarda SC Ltda, no per\u00edodo de 01.02.1980 a 16.12.1988, no total de 3242 (tr\u00eas mil duzentos e quarenta e dois) dias, em favor da Professora MARIA TEREZA CARNEIRO SOARES &#8211; 127175, classe Adjunto, lotado no Departamento de Planejamento e Administra\u00e7\u00e3o Escolar do Setor de Educa\u00e7\u00e3o.<\/p><p><\/p>\n\n\n<div style=\"height:15px\" aria-hidden=\"true\" class=\"wp-block-spacer\"><\/div>\n\n\n<div class=\"wp-block-buttons is-content-justification-right is-layout-flex wp-container-core-buttons-is-layout-1 wp-block-buttons-is-layout-flex\">\n<div class=\"wp-block-button has-custom-font-size is-style-outline has-small-font-size is-style-outline--1\"><a class=\"wp-block-button__link\" href=\"https:\/\/progepe.ufpr.br\/portarias\/wp-content\/uploads\/pcp\/PRHAE\/2005\/6773PR.pdf\" style=\"border-radius:0px\" target=\"_blank\" rel=\"noreferrer noopener\">Acesse o arquivo da portaria<\/a><\/div><\/div>\n","protected":false},"excerpt":{"rendered":"<p>Averbar, a partir de 12 de janeiro de 2005, para fins de aposentadoria especial e disponibilidade, o tempo de servi\u00e7o prestado \u00e0 Prefeitura Municipal de Curitiba, no per\u00edodo de 30.09.1985 a 22.08.1994, no total de 3.249 (tr\u00eas mil duzentos e quarenta e nove) dias; Escola Anjo da Guarda SC Ltda, no per\u00edodo de 02.04.1975 a 19.06.1979, no total de 1540 (mil quinhentos e quarenta) dias; e, Escola Anjo da Guarda SC Ltda, no per\u00edodo de 01.02.1980 a 16.12.1988, no total de 3242 (tr\u00eas mil duzentos e quarenta e dois) dias, em favor da Professora MARIA TEREZA CARNEIRO SOARES<\/p>\n","protected":false},"author":41,"featured_media":0,"comment_status":"closed","ping_status":"closed","sticky":false,"template":"wp-custom-template-emissao-entre-01-05-2004-ate-30-06-2017","format":"standard","meta":{"_acf_changed":false,"iawp_total_views":0,"footnotes":""},"categories":[232],"tags":[],"class_list":["post-232149","post","type-post","status-publish","format-standard","hentry","category-prhae"],"acf":[],"_links":{"self":[{"href":"https:\/\/progepe.ufpr.br\/portarias\/wp-json\/wp\/v2\/posts\/232149","targetHints":{"allow":["GET"]}}],"collection":[{"href":"https:\/\/progepe.ufpr.br\/portarias\/wp-json\/wp\/v2\/posts"}],"about":[{"href":"https:\/\/progepe.ufpr.br\/portarias\/wp-json\/wp\/v2\/types\/post"}],"author":[{"embeddable":true,"href":"https:\/\/progepe.ufpr.br\/portarias\/wp-json\/wp\/v2\/users\/41"}],"replies":[{"embeddable":true,"href":"https:\/\/progepe.ufpr.br\/portarias\/wp-json\/wp\/v2\/comments?post=232149"}],"version-history":[{"count":1,"href":"https:\/\/progepe.ufpr.br\/portarias\/wp-json\/wp\/v2\/posts\/232149\/revisions"}],"predecessor-version":[{"id":234438,"href":"https:\/\/progepe.ufpr.br\/portarias\/wp-json\/wp\/v2\/posts\/232149\/revisions\/234438"}],"wp:attachment":[{"href":"https:\/\/progepe.ufpr.br\/portarias\/wp-json\/wp\/v2\/media?parent=232149"}],"wp:term":[{"taxonomy":"category","embeddable":true,"href":"https:\/\/progepe.ufpr.br\/portarias\/wp-json\/wp\/v2\/categories?post=232149"},{"taxonomy":"post_tag","embeddable":true,"href":"https:\/\/progepe.ufpr.br\/portarias\/wp-json\/wp\/v2\/tags?post=232149"}],"curies":[{"name":"wp","href":"https:\/\/api.w.org\/{rel}","templated":true}]}}