{"id":232732,"date":"2005-04-27T10:06:00","date_gmt":"2005-04-27T13:06:00","guid":{"rendered":"http:\/\/progepe.ufpr.br\/portarias\/prhae-2005-07358\/"},"modified":"2024-08-16T15:05:48","modified_gmt":"2024-08-16T18:05:48","slug":"prhae-2005-07358","status":"publish","type":"post","link":"https:\/\/progepe.ufpr.br\/portarias\/prhae-2005-07358\/","title":{"rendered":"PORTARIA N\u00ba 07358\/PRHAE, DE 27 DE ABRIL DE 2005"},"content":{"rendered":"\n<p style=\"padding-left:43%\">O Pr\u00f3-Reitor de Recursos Humanos e Assuntos Estudantis da Universidade Federal do Paran\u00e1, no uso de suas atribui\u00e7\u00f5es, tendo em vista a compet\u00eancia que lhe \u00e9 conferida pela Portaria n\u00ba 2.590, de 26 de setembro de 1997 e considerando o que consta no artigo 100 e artigo 102, inciso VIII da Lei n\u00ba 8.112\/90 e ainda o contido no processo n\u00ba 19495\/05-04,<\/p>\n\n\n\n<p style=\"padding-left:43%\"><strong>RESOLVE:<\/strong><\/p>\n\n\n\n<p>I. Averbar, a partir de 27 de abril de 2005, para fins de aposentadoria, disponibilidade e gratifica\u00e7\u00e3o adicional, o tempo de servi\u00e7o prestado ao Hospital Geral de Curitiba, no per\u00edodo de 22.04.1996 a 08.01.1998, no total de 625 (seiscentos e vinte e cinco) dias, em favor da servidora JANE DE BUNDIN MATOS FERREIRA &#8211; 169455, ocupante do cargo de Auxiliar de Enfermagem, lotada no Hospital de Cl\u00ednicas.<\/p>\n\n\n\n<p>II. Averbar, a partir da mesma data, para fins de aposentadoria e disponibilidade, o tempo de servi\u00e7o prestado ao Hospital Geral de Curitiba, no per\u00edodo de 09.03.1999 a 24.09.2002, no total de 1296 (mil duzentos e noventa e seis) dias, em favor da referida servidora.<\/p>\n","protected":false},"excerpt":{"rendered":"<p>I. Averbar, a partir de 27 de abril de 2005, para fins de aposentadoria, disponibilidade e gratifica\u00e7\u00e3o adicional, o tempo de servi\u00e7o prestado ao Hospital Geral de Curitiba, no per\u00edodo de 22.04.1996 a 08.01.1998, no total de 625 (seiscentos e vinte e cinco) dias, em favor da servidora JANE DE BUNDIN MATOS FERREIRA &#8211; 169455, ocupante do cargo de Auxiliar de Enfermagem, lotada no Hospital de Cl\u00ednicas.  II. Averbar, a partir da mesma data, para fins de aposentadoria e disponibilidade, o tempo de servi\u00e7o prestado ao Hospital Geral de Curitiba, no per\u00edodo de 09.03.1999 a 24.09.2002, no<\/p>\n","protected":false},"author":41,"featured_media":0,"comment_status":"closed","ping_status":"closed","sticky":false,"template":"","format":"standard","meta":{"_acf_changed":false,"iawp_total_views":0,"footnotes":""},"categories":[232],"tags":[140],"class_list":["post-232732","post","type-post","status-publish","format-standard","hentry","category-prhae","tag-averbacao-desaverbacao"],"acf":[],"_links":{"self":[{"href":"https:\/\/progepe.ufpr.br\/portarias\/wp-json\/wp\/v2\/posts\/232732","targetHints":{"allow":["GET"]}}],"collection":[{"href":"https:\/\/progepe.ufpr.br\/portarias\/wp-json\/wp\/v2\/posts"}],"about":[{"href":"https:\/\/progepe.ufpr.br\/portarias\/wp-json\/wp\/v2\/types\/post"}],"author":[{"embeddable":true,"href":"https:\/\/progepe.ufpr.br\/portarias\/wp-json\/wp\/v2\/users\/41"}],"replies":[{"embeddable":true,"href":"https:\/\/progepe.ufpr.br\/portarias\/wp-json\/wp\/v2\/comments?post=232732"}],"version-history":[{"count":3,"href":"https:\/\/progepe.ufpr.br\/portarias\/wp-json\/wp\/v2\/posts\/232732\/revisions"}],"predecessor-version":[{"id":257053,"href":"https:\/\/progepe.ufpr.br\/portarias\/wp-json\/wp\/v2\/posts\/232732\/revisions\/257053"}],"wp:attachment":[{"href":"https:\/\/progepe.ufpr.br\/portarias\/wp-json\/wp\/v2\/media?parent=232732"}],"wp:term":[{"taxonomy":"category","embeddable":true,"href":"https:\/\/progepe.ufpr.br\/portarias\/wp-json\/wp\/v2\/categories?post=232732"},{"taxonomy":"post_tag","embeddable":true,"href":"https:\/\/progepe.ufpr.br\/portarias\/wp-json\/wp\/v2\/tags?post=232732"}],"curies":[{"name":"wp","href":"https:\/\/api.w.org\/{rel}","templated":true}]}}