{"id":23589,"date":"2020-01-03T05:05:00","date_gmt":"2020-01-03T08:05:00","guid":{"rendered":"http:\/\/progepe.ufpr.br\/portal\/?post_type=portarias&#038;p=23589"},"modified":"2023-08-03T13:17:19","modified_gmt":"2023-08-03T16:17:19","slug":"rt-2020-00008","status":"publish","type":"post","link":"https:\/\/progepe.ufpr.br\/portarias\/rt-2020-00008\/","title":{"rendered":"PORTARIA N\u00ba 00008\/REITORIA, DE 03 DE JANEIRO DE 2020"},"content":{"rendered":"\n<p><strong>A Vice-Reitora da Universidade Federal do Paran\u00e1, no exerc\u00edcio do cargo\nde Reitora, <\/strong>no uso de suas atribui\u00e7\u00f5es e tendo em vista o que consta\nno processo n\u00ba 23075.086500\/2019-71,<\/p>\n\n\n\n<p>RESOLVE:<\/p>\n\n\n\n<p>Designar as\nservidoras PRISCILA BRENNER HILGENBERG SYDNEY &#8211; 2274364, Professora\ndo Magist\u00e9rio Superior e URSULA BUENO DO PRADO GUIRRO &#8211; 1490024, Professora\ndo Magist\u00e9rio Superior, como representantes do Setor de Ci\u00eancias da Sa\u00fade,\njunto a Comiss\u00e3o Permanente de Pessoal Docente &#8211; CPPD, por 02 (dois) anos, a\npartir de 05 de mar\u00e7o de 2020.<\/p>\n","protected":false},"excerpt":{"rendered":"<p>Designar as servidoras PRISCILA BRENNER HILGENBERG SYDNEY &#8211; 2274364, Professora do Magist\u00e9rio Superior e URSULA BUENO DO PRADO GUIRRO &#8211; 1490024, Professora do Magist\u00e9rio Superior, como representantes do Setor de Ci\u00eancias da Sa\u00fade, junto a Comiss\u00e3o Permanente de Pessoal Docente &#8211; CPPD, por 02 (dois) anos, a partir de 05 de mar\u00e7o de 2020.<\/p>\n","protected":false},"author":49,"featured_media":0,"comment_status":"closed","ping_status":"closed","sticky":false,"template":"","format":"standard","meta":{"_acf_changed":false,"iawp_total_views":0,"footnotes":""},"categories":[117],"tags":[126],"class_list":["post-23589","post","type-post","status-publish","format-standard","hentry","category-rt","tag-representante"],"acf":[],"_links":{"self":[{"href":"https:\/\/progepe.ufpr.br\/portarias\/wp-json\/wp\/v2\/posts\/23589","targetHints":{"allow":["GET"]}}],"collection":[{"href":"https:\/\/progepe.ufpr.br\/portarias\/wp-json\/wp\/v2\/posts"}],"about":[{"href":"https:\/\/progepe.ufpr.br\/portarias\/wp-json\/wp\/v2\/types\/post"}],"author":[{"embeddable":true,"href":"https:\/\/progepe.ufpr.br\/portarias\/wp-json\/wp\/v2\/users\/49"}],"replies":[{"embeddable":true,"href":"https:\/\/progepe.ufpr.br\/portarias\/wp-json\/wp\/v2\/comments?post=23589"}],"version-history":[{"count":1,"href":"https:\/\/progepe.ufpr.br\/portarias\/wp-json\/wp\/v2\/posts\/23589\/revisions"}],"predecessor-version":[{"id":173302,"href":"https:\/\/progepe.ufpr.br\/portarias\/wp-json\/wp\/v2\/posts\/23589\/revisions\/173302"}],"wp:attachment":[{"href":"https:\/\/progepe.ufpr.br\/portarias\/wp-json\/wp\/v2\/media?parent=23589"}],"wp:term":[{"taxonomy":"category","embeddable":true,"href":"https:\/\/progepe.ufpr.br\/portarias\/wp-json\/wp\/v2\/categories?post=23589"},{"taxonomy":"post_tag","embeddable":true,"href":"https:\/\/progepe.ufpr.br\/portarias\/wp-json\/wp\/v2\/tags?post=23589"}],"curies":[{"name":"wp","href":"https:\/\/api.w.org\/{rel}","templated":true}]}}