{"id":23595,"date":"2020-01-03T05:06:00","date_gmt":"2020-01-03T08:06:00","guid":{"rendered":"http:\/\/progepe.ufpr.br\/portal\/?post_type=portarias&#038;p=23595"},"modified":"2023-10-11T15:21:28","modified_gmt":"2023-10-11T18:21:28","slug":"rt-2020-00009","status":"publish","type":"post","link":"https:\/\/progepe.ufpr.br\/portarias\/rt-2020-00009\/","title":{"rendered":"PORTARIA N\u00ba 00009\/REITORIA, DE 03 DE JANEIRO DE 2020"},"content":{"rendered":"\n<p><strong>A Vice-Reitora da Universidade Federal do Paran\u00e1, no exerc\u00edcio do cargo\nde Reitora, <\/strong>no uso de suas atribui\u00e7\u00f5es e tendo em vista o que consta\nno processo n\u00ba 23075.073347\/2018-31,<\/p>\n\n\n\n<p>RESOLVE:<\/p>\n\n\n\n<p>Conceder\njornada flexibilizada, tendo em vista o que consta na Portaria n\u00ba 643\/REITORIA,\nde 26 de novembro de 2018, retificada pela Portaria n\u00ba 692\/REITORIA, de 17 de\ndezembro de 2018, no per\u00edodo de 01 de janeiro de 2020 a 31 de dezembro de 2020,\nao servidor JEAN PAULO GODOI &#8211; 2037409, ocupante do cargo de Auxiliar em Administra\u00e7\u00e3o,\nenquanto estiver lotado na Biblioteca de Ci\u00eancias Florestais e da Madeira do\nSistema de Bibliotecas.<\/p>\n","protected":false},"excerpt":{"rendered":"<p>Conceder jornada flexibilizada, tendo em vista o que consta na Portaria n\u00ba 643\/REITORIA, de 26 de novembro de 2018, retificada pela Portaria n\u00ba 692\/REITORIA, de 17 de dezembro de 2018, no per\u00edodo de 01 de janeiro de 2020 a 31 de dezembro de 2020, ao servidor JEAN PAULO GODOI &#8211; 2037409, ocupante do cargo de Auxiliar em Administra\u00e7\u00e3o, enquanto estiver lotado na Biblioteca de Ci\u00eancias Florestais e da Madeira do Sistema de Bibliotecas.<\/p>\n","protected":false},"author":49,"featured_media":0,"comment_status":"closed","ping_status":"closed","sticky":false,"template":"","format":"standard","meta":{"_acf_changed":false,"iawp_total_views":1,"footnotes":""},"categories":[117],"tags":[133],"class_list":["post-23595","post","type-post","status-publish","format-standard","hentry","category-rt","tag-jornada-flexibilizada"],"acf":[],"_links":{"self":[{"href":"https:\/\/progepe.ufpr.br\/portarias\/wp-json\/wp\/v2\/posts\/23595","targetHints":{"allow":["GET"]}}],"collection":[{"href":"https:\/\/progepe.ufpr.br\/portarias\/wp-json\/wp\/v2\/posts"}],"about":[{"href":"https:\/\/progepe.ufpr.br\/portarias\/wp-json\/wp\/v2\/types\/post"}],"author":[{"embeddable":true,"href":"https:\/\/progepe.ufpr.br\/portarias\/wp-json\/wp\/v2\/users\/49"}],"replies":[{"embeddable":true,"href":"https:\/\/progepe.ufpr.br\/portarias\/wp-json\/wp\/v2\/comments?post=23595"}],"version-history":[{"count":1,"href":"https:\/\/progepe.ufpr.br\/portarias\/wp-json\/wp\/v2\/posts\/23595\/revisions"}],"predecessor-version":[{"id":173303,"href":"https:\/\/progepe.ufpr.br\/portarias\/wp-json\/wp\/v2\/posts\/23595\/revisions\/173303"}],"wp:attachment":[{"href":"https:\/\/progepe.ufpr.br\/portarias\/wp-json\/wp\/v2\/media?parent=23595"}],"wp:term":[{"taxonomy":"category","embeddable":true,"href":"https:\/\/progepe.ufpr.br\/portarias\/wp-json\/wp\/v2\/categories?post=23595"},{"taxonomy":"post_tag","embeddable":true,"href":"https:\/\/progepe.ufpr.br\/portarias\/wp-json\/wp\/v2\/tags?post=23595"}],"curies":[{"name":"wp","href":"https:\/\/api.w.org\/{rel}","templated":true}]}}