{"id":236605,"date":"2004-01-23T10:02:00","date_gmt":"2004-01-23T12:02:00","guid":{"rendered":"http:\/\/progepe.ufpr.br\/portarias\/prhae-2004-04350\/"},"modified":"2023-08-18T17:58:04","modified_gmt":"2023-08-18T20:58:04","slug":"prhae-2004-04350","status":"publish","type":"post","link":"https:\/\/progepe.ufpr.br\/portarias\/prhae-2004-04350\/","title":{"rendered":"PORTARIA N\u00ba 04350\/PRHAE, DE 23 DE JANEIRO DE 2004"},"content":{"rendered":"\n<p>O Pr\u00f3-Reitor de Recursos Humanos e Assuntos Estudantis da Universidade Federal do Paran\u00e1, no uso de suas atrbui\u00e7\u00f5es, tendo em vista a compet\u00e9ncia que lhe \u00e9 conferida pela Portaria n\u00ba 2.590, de 26 de setembro de 1997, considerando o que consta nas Leis n\u00ba 8.745\/93 e 9,849\/99 e de acordo com as Resolu\u00e7\u00f5es n\u00ba 72\/91-CEP, 31\/95-CEP e 26\/6-CEPE e ainda o contido no processo n\u00ba 42733\/03-39,<\/p>\n\n\n<p><strong>RESOLVE:<\/strong><\/p>\n\n\n<p>Contratar JULIANE BRENNER VIEIRA HARAGUSHIKU, como Protessor Substituto, com sal\u00e1rio correspondente \u00e0 classe de Professor Auxiliar, n\u00edvel 1, no regime de trabalho de 20 (vinte) horas semanais, para a Departamento de Enfermagem do Setor de Ct\u00ean\u00e7ias da Sa\u00fade, \u00e0 partir da assinatora do contrato, por um per\u00edodo de 12 (doze) meses. na vaga de c\u00f3dizo 266208.<\/p><p> Publicado no Di\u00e1rio Oficial da Uni\u00e3o da 2.8\/01\/04Se,\u00e7\u00e3 o E . p\u00f3gE .<\/p><p> A Vilson Kachel \u2014 MPx<\/p><p><\/p>\n\n\n<div style=\"height:15px\" aria-hidden=\"true\" class=\"wp-block-spacer\"><\/div>\n\n\n<div class=\"wp-block-buttons is-content-justification-right is-layout-flex wp-container-core-buttons-is-layout-1 wp-block-buttons-is-layout-flex\">\n<div class=\"wp-block-button has-custom-font-size is-style-outline has-small-font-size is-style-outline--1\"><a class=\"wp-block-button__link\" href=\"https:\/\/progepe.ufpr.br\/portarias\/wp-content\/uploads\/pcp\/PRHAE\/2004\/4350PR.pdf\" style=\"border-radius:0px\" target=\"_blank\" rel=\"noreferrer noopener\">Acesse o arquivo da portaria<\/a><\/div><\/div>\n","protected":false},"excerpt":{"rendered":"<p>Contratar JULIANE BRENNER VIEIRA HARAGUSHIKU, como Protessor Substituto, com sal\u00e1rio correspondente \u00e0 classe de Professor Auxiliar, n\u00edvel 1, no regime de trabalho de 20 (vinte) horas semanais, para a Departamento de Enfermagem do Setor de Ct\u00ean\u00e7ias da Sa\u00fade, \u00e0 partir da assinatora do contrato, por um per\u00edodo de 12 (doze) meses. na vaga de c\u00f3dizo 266208. Publicado no Di\u00e1rio Oficial da Uni\u00e3o da 2.8\/01\/04Se,\u00e7\u00e3 o E . p\u00f3gE . A Vilson Kachel \u2014 MPx  {&#8220;height&#8221;:&#8221;15px&#8221;} <\/p>\n<div style=\"height:15px\" aria-hidden=\"true\" class=\"wp-block-spacer\"> <!-- \/wp:spacer  {\"layout\":{\"type\":\"flex\",\"justifyContent\":\"right\"}} \n\n<div class=\"wp-block-buttons\"><!-- wp:button {\"style\":{\"border\":{\"radius\":\"0px\"}},\"className\":\"is-style-outline\",\"fontSize\":\"small\"} \n\n<div class=\"wp-block-button has-custom-font-size is-style-outline has-small-font-size\"><a class=\"wp-block-button__link\" href=\"https:\/\/progepe.ufpr.br\/portarias\/wp-content\/uploads\/pcp\/PRHAE\/2004\/4350PR.pdf\" style=\"border-radius:0px\" target=\"_blank\" rel=\"noreferrer\n<\/p>\n","protected":false},"author":41,"featured_media":0,"comment_status":"closed","ping_status":"closed","sticky":false,"template":"wp-custom-template-emissao-entre-01-05-2004-ate-30-06-2017","format":"standard","meta":{"_acf_changed":false,"iawp_total_views":0,"footnotes":""},"categories":[232],"tags":[],"class_list":["post-236605","post","type-post","status-publish","format-standard","hentry","category-prhae"],"acf":[],"_links":{"self":[{"href":"https:\/\/progepe.ufpr.br\/portarias\/wp-json\/wp\/v2\/posts\/236605","targetHints":{"allow":["GET"]}}],"collection":[{"href":"https:\/\/progepe.ufpr.br\/portarias\/wp-json\/wp\/v2\/posts"}],"about":[{"href":"https:\/\/progepe.ufpr.br\/portarias\/wp-json\/wp\/v2\/types\/post"}],"author":[{"embeddable":true,"href":"https:\/\/progepe.ufpr.br\/portarias\/wp-json\/wp\/v2\/users\/41"}],"replies":[{"embeddable":true,"href":"https:\/\/progepe.ufpr.br\/portarias\/wp-json\/wp\/v2\/comments?post=236605"}],"version-history":[{"count":1,"href":"https:\/\/progepe.ufpr.br\/portarias\/wp-json\/wp\/v2\/posts\/236605\/revisions"}],"predecessor-version":[{"id":239073,"href":"https:\/\/progepe.ufpr.br\/portarias\/wp-json\/wp\/v2\/posts\/236605\/revisions\/239073"}],"wp:attachment":[{"href":"https:\/\/progepe.ufpr.br\/portarias\/wp-json\/wp\/v2\/media?parent=236605"}],"wp:term":[{"taxonomy":"category","embeddable":true,"href":"https:\/\/progepe.ufpr.br\/portarias\/wp-json\/wp\/v2\/categories?post=236605"},{"taxonomy":"post_tag","embeddable":true,"href":"https:\/\/progepe.ufpr.br\/portarias\/wp-json\/wp\/v2\/tags?post=236605"}],"curies":[{"name":"wp","href":"https:\/\/api.w.org\/{rel}","templated":true}]}}