{"id":236766,"date":"2004-02-12T10:11:00","date_gmt":"2004-02-12T12:11:00","guid":{"rendered":"http:\/\/progepe.ufpr.br\/portarias\/prhae-2004-04510\/"},"modified":"2023-08-18T17:58:26","modified_gmt":"2023-08-18T20:58:26","slug":"prhae-2004-04510","status":"publish","type":"post","link":"https:\/\/progepe.ufpr.br\/portarias\/prhae-2004-04510\/","title":{"rendered":"PORTARIA N\u00ba 04510\/PRHAE, DE 12 DE FEVEREIRO DE 2004"},"content":{"rendered":"\n<p>O Pr\u00f3-Reitor de Recursos Humanos e Assuntos Estudantis da Universidade Federal do Paran\u00e1, no uso de suas atribui\u00e7\u00f5es, fendo em vi3ta \u00e0 comper\u00eancia que lhbe \u00c9 conlerida pelta Portaria n\u00ba 2.590, de 26 de setembro de 1997 e considerando o que consta no artigo 103, inciso V da Lei n\u00ba 8,112\/90 e and\u00e1a o contido no processoa n\u00ba 2643\/04-26,<\/p>\n\n\n<p><strong>RESOLVE:<\/strong><\/p>\n\n\n<p>L, Avertar, a partdie r0 3 de tevenedei n20o04 , para fins de aposentadoria e disponibilidade, o tempo de servi\u00e7o prestado \u00e0 Associa\u00e7\u00e3o dos Pajs e An\u00fagos dos Excepcionais, no per\u00edodo de 01.05.72 a 139.08.73, no toral 353 (trezentos e cinquenta e tr\u00eas) dias, em favor do Protessor EDUINO SBARDELINI FILHO &#8211; 85146, lotado no Departamento de Psicologia do Setor de Cl\u00e9\u00eancias Humanas, Letras e Artes.<\/p><p> 1, Averbar, a partir da mesa dala, para Cios de aposentadoria especial e disponibilidade, o tempo de servi\u00e7o prestado a Iaculdade de Hilosofia C.L.S. Jesus, na per\u00edodo de 20.08.73 a 30,12.73, no total de 133 (cento e trinta e tr\u00e9s) dias; Filosofia C.L.S.<\/p><p> Tesus, no per\u00edodo de 31.12.73 a 29.09.80, no total de 2.252 (dois mil duzentos e cingienta e dJois) dias e, Casa Nossa Senhora da Faz A\u00e7\u00e3o Social Lranciscana, no perfodo de 01.03.80 \u00e0 3)1157.82, no ttal de 883 (outoc\u00eantos \u00e9 oir\u00e9nta \u00e9 te\u00eas) dias, ao referido Protessor.<\/p><p><\/p>\n\n\n<div style=\"height:15px\" aria-hidden=\"true\" class=\"wp-block-spacer\"><\/div>\n\n\n<div class=\"wp-block-buttons is-content-justification-right is-layout-flex wp-container-core-buttons-is-layout-1 wp-block-buttons-is-layout-flex\">\n<div class=\"wp-block-button has-custom-font-size is-style-outline has-small-font-size is-style-outline--1\"><a class=\"wp-block-button__link\" href=\"https:\/\/progepe.ufpr.br\/portarias\/wp-content\/uploads\/pcp\/PRHAE\/2004\/4510PR.pdf\" style=\"border-radius:0px\" target=\"_blank\" rel=\"noreferrer noopener\">Acesse o arquivo da portaria<\/a><\/div><\/div>\n","protected":false},"excerpt":{"rendered":"<p>L, Avertar, a partdie r0 3 de tevenedei n20o04 , para fins de aposentadoria e disponibilidade, o tempo de servi\u00e7o prestado \u00e0 Associa\u00e7\u00e3o dos Pajs e An\u00fagos dos Excepcionais, no per\u00edodo de 01.05.72 a 139.08.73, no toral 353 (trezentos e cinquenta e tr\u00eas) dias, em favor do Protessor EDUINO SBARDELINI FILHO &#8211; 85146, lotado no Departamento de Psicologia do Setor de Cl\u00e9\u00eancias Humanas, Letras e Artes. 1, Averbar, a partir da mesa dala, para Cios de aposentadoria especial e disponibilidade, o tempo de servi\u00e7o prestado a Iaculdade de Hilosofia C.L.S. Jesus, na per\u00edodo de 20.08.73 a 30,12.73, no<\/p>\n","protected":false},"author":41,"featured_media":0,"comment_status":"closed","ping_status":"closed","sticky":false,"template":"wp-custom-template-emissao-entre-01-05-2004-ate-30-06-2017","format":"standard","meta":{"_acf_changed":false,"iawp_total_views":0,"footnotes":""},"categories":[232],"tags":[],"class_list":["post-236766","post","type-post","status-publish","format-standard","hentry","category-prhae"],"acf":[],"_links":{"self":[{"href":"https:\/\/progepe.ufpr.br\/portarias\/wp-json\/wp\/v2\/posts\/236766","targetHints":{"allow":["GET"]}}],"collection":[{"href":"https:\/\/progepe.ufpr.br\/portarias\/wp-json\/wp\/v2\/posts"}],"about":[{"href":"https:\/\/progepe.ufpr.br\/portarias\/wp-json\/wp\/v2\/types\/post"}],"author":[{"embeddable":true,"href":"https:\/\/progepe.ufpr.br\/portarias\/wp-json\/wp\/v2\/users\/41"}],"replies":[{"embeddable":true,"href":"https:\/\/progepe.ufpr.br\/portarias\/wp-json\/wp\/v2\/comments?post=236766"}],"version-history":[{"count":1,"href":"https:\/\/progepe.ufpr.br\/portarias\/wp-json\/wp\/v2\/posts\/236766\/revisions"}],"predecessor-version":[{"id":239222,"href":"https:\/\/progepe.ufpr.br\/portarias\/wp-json\/wp\/v2\/posts\/236766\/revisions\/239222"}],"wp:attachment":[{"href":"https:\/\/progepe.ufpr.br\/portarias\/wp-json\/wp\/v2\/media?parent=236766"}],"wp:term":[{"taxonomy":"category","embeddable":true,"href":"https:\/\/progepe.ufpr.br\/portarias\/wp-json\/wp\/v2\/categories?post=236766"},{"taxonomy":"post_tag","embeddable":true,"href":"https:\/\/progepe.ufpr.br\/portarias\/wp-json\/wp\/v2\/tags?post=236766"}],"curies":[{"name":"wp","href":"https:\/\/api.w.org\/{rel}","templated":true}]}}