{"id":236772,"date":"2004-02-13T10:05:00","date_gmt":"2004-02-13T12:05:00","guid":{"rendered":"http:\/\/progepe.ufpr.br\/portarias\/prhae-2004-04516\/"},"modified":"2023-08-18T17:58:27","modified_gmt":"2023-08-18T20:58:27","slug":"prhae-2004-04516","status":"publish","type":"post","link":"https:\/\/progepe.ufpr.br\/portarias\/prhae-2004-04516\/","title":{"rendered":"PORTARIA N\u00ba 04516\/PRHAE, DE 13 DE FEVEREIRO DE 2004"},"content":{"rendered":"\n<p>O Pr\u00f3-Reitor de Recursos Humanos e Assuntos listudantis da Universidade Federal do Paran\u00e1, no uso de suas atribui\u00e7\u00f5es, tendo em visia a compet\u00eancia que the \u00e9 conferida pela Portaria n\u00ba 2.590, de 26 de setembro de 1997 e considerando o que consta no processo 11\u00ba $1791\/03-29,<\/p>\n\n\n<p><strong>RESOLVE:<\/strong><\/p>\n\n\n<p>RKetificar a Ponaria n\u00ba 3.946\/PRHAE, de 0l de dezembro \u00e0de 2003 que averbou o tempo de servi\u00e7o prestado pela servidora VER\u00d4NICA VANILDE WOJCIK &#8211; 42789, lotada no Rospital de Cl\u00ednicas: Onde se l\u00ea: &#8230; Hospital Evang\u00e9lico de Cunritiba, no per\u00edodo de DILO6.82 a L4.06,84, no tota! de 14 (quatorze) dias &#8230;<\/p><p> Leia-se: &#8230; Hospital Evang\u00e1lico de Cuntiba, no per\u00edodo de ULV6.82 \u00e0 14.06.82, no lotal de 14 (Quatorze) dias &#8230;<\/p><p> Mmep<\/p><p><\/p>\n\n\n<div style=\"height:15px\" aria-hidden=\"true\" class=\"wp-block-spacer\"><\/div>\n\n\n<div class=\"wp-block-buttons is-content-justification-right is-layout-flex wp-container-core-buttons-is-layout-1 wp-block-buttons-is-layout-flex\">\n<div class=\"wp-block-button has-custom-font-size is-style-outline has-small-font-size is-style-outline--1\"><a class=\"wp-block-button__link\" href=\"https:\/\/progepe.ufpr.br\/portarias\/wp-content\/uploads\/pcp\/PRHAE\/2004\/4516PR.pdf\" style=\"border-radius:0px\" target=\"_blank\" rel=\"noreferrer noopener\">Acesse o arquivo da portaria<\/a><\/div><\/div>\n","protected":false},"excerpt":{"rendered":"<p>RKetificar a Ponaria n\u00ba 3.946\/PRHAE, de 0l de dezembro \u00e0de 2003 que averbou o tempo de servi\u00e7o prestado pela servidora VER\u00d4NICA VANILDE WOJCIK &#8211; 42789, lotada no Rospital de Cl\u00ednicas: Onde se l\u00ea: &#8230; Hospital Evang\u00e9lico de Cunritiba, no per\u00edodo de DILO6.82 a L4.06,84, no tota! de 14 (quatorze) dias &#8230; Leia-se: &#8230; Hospital Evang\u00e1lico de Cuntiba, no per\u00edodo de ULV6.82 \u00e0 14.06.82, no lotal de 14 (Quatorze) dias &#8230; Mmep  {&#8220;height&#8221;:&#8221;15px&#8221;} <\/p>\n<div style=\"height:15px\" aria-hidden=\"true\" class=\"wp-block-spacer\"> <!-- \/wp:spacer  {\"layout\":{\"type\":\"flex\",\"justifyContent\":\"right\"}} \n\n<div class=\"wp-block-buttons\"><!-- wp:button {\"style\":{\"border\":{\"radius\":\"0px\"}},\"className\":\"is-style-outline\",\"fontSize\":\"small\"} \n\n<div class=\"wp-block-button has-custom-font-size is-style-outline has-small-font-size\"><a class=\"wp-block-button__link\" href=\"https:\/\/progepe.ufpr.br\/portarias\/wp-content\/uploads\/pcp\/PRHAE\/2004\/4516PR.pdf\" style=\"border-radius:0px\" target=\"_blank\" rel=\"noreferrer noopener\">Acesse o ar\n<\/p>\n","protected":false},"author":41,"featured_media":0,"comment_status":"closed","ping_status":"closed","sticky":false,"template":"wp-custom-template-emissao-entre-01-05-2004-ate-30-06-2017","format":"standard","meta":{"_acf_changed":false,"iawp_total_views":0,"footnotes":""},"categories":[232],"tags":[],"class_list":["post-236772","post","type-post","status-publish","format-standard","hentry","category-prhae"],"acf":[],"_links":{"self":[{"href":"https:\/\/progepe.ufpr.br\/portarias\/wp-json\/wp\/v2\/posts\/236772","targetHints":{"allow":["GET"]}}],"collection":[{"href":"https:\/\/progepe.ufpr.br\/portarias\/wp-json\/wp\/v2\/posts"}],"about":[{"href":"https:\/\/progepe.ufpr.br\/portarias\/wp-json\/wp\/v2\/types\/post"}],"author":[{"embeddable":true,"href":"https:\/\/progepe.ufpr.br\/portarias\/wp-json\/wp\/v2\/users\/41"}],"replies":[{"embeddable":true,"href":"https:\/\/progepe.ufpr.br\/portarias\/wp-json\/wp\/v2\/comments?post=236772"}],"version-history":[{"count":1,"href":"https:\/\/progepe.ufpr.br\/portarias\/wp-json\/wp\/v2\/posts\/236772\/revisions"}],"predecessor-version":[{"id":239227,"href":"https:\/\/progepe.ufpr.br\/portarias\/wp-json\/wp\/v2\/posts\/236772\/revisions\/239227"}],"wp:attachment":[{"href":"https:\/\/progepe.ufpr.br\/portarias\/wp-json\/wp\/v2\/media?parent=236772"}],"wp:term":[{"taxonomy":"category","embeddable":true,"href":"https:\/\/progepe.ufpr.br\/portarias\/wp-json\/wp\/v2\/categories?post=236772"},{"taxonomy":"post_tag","embeddable":true,"href":"https:\/\/progepe.ufpr.br\/portarias\/wp-json\/wp\/v2\/tags?post=236772"}],"curies":[{"name":"wp","href":"https:\/\/api.w.org\/{rel}","templated":true}]}}