{"id":236954,"date":"2004-03-15T10:03:00","date_gmt":"2004-03-15T13:03:00","guid":{"rendered":"http:\/\/progepe.ufpr.br\/portarias\/prhae-2004-04708\/"},"modified":"2023-08-18T17:58:54","modified_gmt":"2023-08-18T20:58:54","slug":"prhae-2004-04708","status":"publish","type":"post","link":"https:\/\/progepe.ufpr.br\/portarias\/prhae-2004-04708\/","title":{"rendered":"PORTARIA N\u00ba 04708\/PRHAE, DE 15 DE MAR\u00c7O DE 2004"},"content":{"rendered":"\n<p>A Pr\u00f3-Reitora de Recursos Humanos e Assuntos Estudantis da Universidade Federal do Paran\u00e1, em exerc\u00edcio, no uso de suas atribui\u00e7\u00f5es, tendo em vista \u00e0 compet\u00eancia que lhe \u00e9 conferida pela Portaria n\u00ba 2,590, de 26 de setembro de 1997, considerando o que consta no artigo 9\u00ba, inciso T da Lei n\u00ba 8.112\/90, autoriza\u00e7\u00e3odo Mindei Estsado tda rEduoca\u00e7\u00e3 o, Portarn\u00ba i9a45 , de 3O de abrild e 2003, publicada no DOU de 05.05.2003 c anda o contido no processo n\u00ba S074\/04-31,<\/p>\n\n\n<p><strong>RESOLVE:<\/strong><\/p>\n\n\n<p>I. Nomear em car\u00e1tes efetivo, ROSINEI APARECIDA DE CARVALHO PEREIRA, habilitada em concurso p\u00fablico reatizado por esta Institui\u00e7\u00e3o, homologado em 24.10.2003, para o cargo de Auxiliar de Enfermagem, n\u00edvel Intermedi\u00e1rio, classe \u00c0, padr\u00e3o [, no regime de trabalho de 40 (quarenta) horas wmanais, na vaga de c\u00f3digo n\u00ba 044036.<\/p><p> II. Conceder o adicional de insalubridade, comrespondente ao grau m\u00e9diod e 10 (dez por cento), 2 partir da data de exerc\u00edcio.<\/p><p><\/p>\n\n\n<div style=\"height:15px\" aria-hidden=\"true\" class=\"wp-block-spacer\"><\/div>\n\n\n<div class=\"wp-block-buttons is-content-justification-right is-layout-flex wp-container-core-buttons-is-layout-1 wp-block-buttons-is-layout-flex\">\n<div class=\"wp-block-button has-custom-font-size is-style-outline has-small-font-size is-style-outline--1\"><a class=\"wp-block-button__link\" href=\"https:\/\/progepe.ufpr.br\/portarias\/wp-content\/uploads\/pcp\/PRHAE\/2004\/4708PR.pdf\" style=\"border-radius:0px\" target=\"_blank\" rel=\"noreferrer noopener\">Acesse o arquivo da portaria<\/a><\/div><\/div>\n","protected":false},"excerpt":{"rendered":"<p>I. Nomear em car\u00e1tes efetivo, ROSINEI APARECIDA DE CARVALHO PEREIRA, habilitada em concurso p\u00fablico reatizado por esta Institui\u00e7\u00e3o, homologado em 24.10.2003, para o cargo de Auxiliar de Enfermagem, n\u00edvel Intermedi\u00e1rio, classe \u00c0, padr\u00e3o [, no regime de trabalho de 40 (quarenta) horas wmanais, na vaga de c\u00f3digo n\u00ba 044036. II. Conceder o adicional de insalubridade, comrespondente ao grau m\u00e9diod e 10 (dez por cento), 2 partir da data de exerc\u00edcio.  {&#8220;height&#8221;:&#8221;15px&#8221;} <\/p>\n<div style=\"height:15px\" aria-hidden=\"true\" class=\"wp-block-spacer\"> <!-- \/wp:spacer  {\"layout\":{\"type\":\"flex\",\"justifyContent\":\"right\"}} \n\n<div class=\"wp-block-buttons\"><!-- wp:button {\"style\":{\"border\":{\"radius\":\"0px\"}},\"className\":\"is-style-outline\",\"fontSize\":\"small\"} \n\n<div class=\"wp-block-button has-custom-font-size is-style-outline has-small-font-size\"><a class=\"wp-block-button__link\" href=\"https:\/\/progepe.ufpr.br\/portarias\/wp-content\/uploads\/pcp\/PRHAE\/2004\/4708PR.pdf\" style=\"border-radius:0px\" target=\"_blank\" rel=\"norefer\n<\/p>\n","protected":false},"author":41,"featured_media":0,"comment_status":"closed","ping_status":"closed","sticky":false,"template":"wp-custom-template-emissao-entre-01-05-2004-ate-30-06-2017","format":"standard","meta":{"_acf_changed":false,"iawp_total_views":0,"footnotes":""},"categories":[232],"tags":[],"class_list":["post-236954","post","type-post","status-publish","format-standard","hentry","category-prhae"],"acf":[],"_links":{"self":[{"href":"https:\/\/progepe.ufpr.br\/portarias\/wp-json\/wp\/v2\/posts\/236954","targetHints":{"allow":["GET"]}}],"collection":[{"href":"https:\/\/progepe.ufpr.br\/portarias\/wp-json\/wp\/v2\/posts"}],"about":[{"href":"https:\/\/progepe.ufpr.br\/portarias\/wp-json\/wp\/v2\/types\/post"}],"author":[{"embeddable":true,"href":"https:\/\/progepe.ufpr.br\/portarias\/wp-json\/wp\/v2\/users\/41"}],"replies":[{"embeddable":true,"href":"https:\/\/progepe.ufpr.br\/portarias\/wp-json\/wp\/v2\/comments?post=236954"}],"version-history":[{"count":1,"href":"https:\/\/progepe.ufpr.br\/portarias\/wp-json\/wp\/v2\/posts\/236954\/revisions"}],"predecessor-version":[{"id":239406,"href":"https:\/\/progepe.ufpr.br\/portarias\/wp-json\/wp\/v2\/posts\/236954\/revisions\/239406"}],"wp:attachment":[{"href":"https:\/\/progepe.ufpr.br\/portarias\/wp-json\/wp\/v2\/media?parent=236954"}],"wp:term":[{"taxonomy":"category","embeddable":true,"href":"https:\/\/progepe.ufpr.br\/portarias\/wp-json\/wp\/v2\/categories?post=236954"},{"taxonomy":"post_tag","embeddable":true,"href":"https:\/\/progepe.ufpr.br\/portarias\/wp-json\/wp\/v2\/tags?post=236954"}],"curies":[{"name":"wp","href":"https:\/\/api.w.org\/{rel}","templated":true}]}}