{"id":236958,"date":"2004-03-15T10:07:00","date_gmt":"2004-03-15T13:07:00","guid":{"rendered":"http:\/\/progepe.ufpr.br\/portarias\/prhae-2004-04712\/"},"modified":"2023-08-18T17:58:54","modified_gmt":"2023-08-18T20:58:54","slug":"prhae-2004-04712","status":"publish","type":"post","link":"https:\/\/progepe.ufpr.br\/portarias\/prhae-2004-04712\/","title":{"rendered":"PORTARIA N\u00ba 04712\/PRHAE, DE 15 DE MAR\u00c7O DE 2004"},"content":{"rendered":"\n<p>A Pr\u00f3-Reitora de Recursos Humanos e Assuntos Estudantis da Universidade Federal do Paran\u00e1, em exerc\u00edcio, no uso de suas atribui\u00e7\u00f5es, tendo em vista a compet\u00e9ncia que lhe \u00e9 conferida pela Fortaria n\u00ba 3,590, de 26 de setembro de 1997 \u00e9 considenndo \u00e9 que consta no artigo 103, inciso Y da Lei n\u00ba 8.]12\/90 e ainda o contido no processo n\u00ba 5413\/04-82,<\/p>\n\n\n<p><strong>RESOLVE:<\/strong><\/p>\n\n\n<p>Averbar, \u00e0 partirde 10 de m\u00e1r\u00e7o de 2004, para fins de aposentadoria e disponitilidade, o tempo de servi\u00e7o prestado 2. Ci\u00eancia Tecnologia e da Cultura, no per\u00edodo; de 01.06.89 a 31.058.91, no toral de 1,8236 (hum mil oitecentos e vinte e seis) dias, em favor da servidora ALIETE BROTO &#8211; 105198, ocupante do \u00e7argo de Auxiliar de lLaborat\u00f3rio, lotada no Hospital de Cl\u00ednicas.<\/p><p><\/p>\n\n\n<div style=\"height:15px\" aria-hidden=\"true\" class=\"wp-block-spacer\"><\/div>\n\n\n<div class=\"wp-block-buttons is-content-justification-right is-layout-flex wp-container-core-buttons-is-layout-1 wp-block-buttons-is-layout-flex\">\n<div class=\"wp-block-button has-custom-font-size is-style-outline has-small-font-size is-style-outline--1\"><a class=\"wp-block-button__link\" href=\"https:\/\/progepe.ufpr.br\/portarias\/wp-content\/uploads\/pcp\/PRHAE\/2004\/4712PR.pdf\" style=\"border-radius:0px\" target=\"_blank\" rel=\"noreferrer noopener\">Acesse o arquivo da portaria<\/a><\/div><\/div>\n","protected":false},"excerpt":{"rendered":"<p>Averbar, \u00e0 partirde 10 de m\u00e1r\u00e7o de 2004, para fins de aposentadoria e disponitilidade, o tempo de servi\u00e7o prestado 2. Ci\u00eancia Tecnologia e da Cultura, no per\u00edodo; de 01.06.89 a 31.058.91, no toral de 1,8236 (hum mil oitecentos e vinte e seis) dias, em favor da servidora ALIETE BROTO &#8211; 105198, ocupante do \u00e7argo de Auxiliar de lLaborat\u00f3rio, lotada no Hospital de Cl\u00ednicas.  {&#8220;height&#8221;:&#8221;15px&#8221;} <\/p>\n<div style=\"height:15px\" aria-hidden=\"true\" class=\"wp-block-spacer\"> <!-- \/wp:spacer  {\"layout\":{\"type\":\"flex\",\"justifyContent\":\"right\"}} \n\n<div class=\"wp-block-buttons\"><!-- wp:button {\"style\":{\"border\":{\"radius\":\"0px\"}},\"className\":\"is-style-outline\",\"fontSize\":\"small\"} \n\n<div class=\"wp-block-button has-custom-font-size is-style-outline has-small-font-size\"><a class=\"wp-block-button__link\" href=\"https:\/\/progepe.ufpr.br\/portarias\/wp-content\/uploads\/pcp\/PRHAE\/2004\/4712PR.pdf\" style=\"border-radius:0px\" target=\"_blank\" rel=\"noreferrer noopener\">Acesse o arquivo da portaria<\/a><!-- \/wp:button <!-- \/wp:butt\n<\/p>\n","protected":false},"author":41,"featured_media":0,"comment_status":"closed","ping_status":"closed","sticky":false,"template":"wp-custom-template-emissao-entre-01-05-2004-ate-30-06-2017","format":"standard","meta":{"_acf_changed":false,"iawp_total_views":0,"footnotes":""},"categories":[232],"tags":[],"class_list":["post-236958","post","type-post","status-publish","format-standard","hentry","category-prhae"],"acf":[],"_links":{"self":[{"href":"https:\/\/progepe.ufpr.br\/portarias\/wp-json\/wp\/v2\/posts\/236958","targetHints":{"allow":["GET"]}}],"collection":[{"href":"https:\/\/progepe.ufpr.br\/portarias\/wp-json\/wp\/v2\/posts"}],"about":[{"href":"https:\/\/progepe.ufpr.br\/portarias\/wp-json\/wp\/v2\/types\/post"}],"author":[{"embeddable":true,"href":"https:\/\/progepe.ufpr.br\/portarias\/wp-json\/wp\/v2\/users\/41"}],"replies":[{"embeddable":true,"href":"https:\/\/progepe.ufpr.br\/portarias\/wp-json\/wp\/v2\/comments?post=236958"}],"version-history":[{"count":1,"href":"https:\/\/progepe.ufpr.br\/portarias\/wp-json\/wp\/v2\/posts\/236958\/revisions"}],"predecessor-version":[{"id":239410,"href":"https:\/\/progepe.ufpr.br\/portarias\/wp-json\/wp\/v2\/posts\/236958\/revisions\/239410"}],"wp:attachment":[{"href":"https:\/\/progepe.ufpr.br\/portarias\/wp-json\/wp\/v2\/media?parent=236958"}],"wp:term":[{"taxonomy":"category","embeddable":true,"href":"https:\/\/progepe.ufpr.br\/portarias\/wp-json\/wp\/v2\/categories?post=236958"},{"taxonomy":"post_tag","embeddable":true,"href":"https:\/\/progepe.ufpr.br\/portarias\/wp-json\/wp\/v2\/tags?post=236958"}],"curies":[{"name":"wp","href":"https:\/\/api.w.org\/{rel}","templated":true}]}}