{"id":237134,"date":"2004-04-14T10:05:00","date_gmt":"2004-04-14T13:05:00","guid":{"rendered":"http:\/\/progepe.ufpr.br\/portarias\/prhae-2004-04939\/"},"modified":"2023-08-18T17:59:26","modified_gmt":"2023-08-18T20:59:26","slug":"prhae-2004-04939","status":"publish","type":"post","link":"https:\/\/progepe.ufpr.br\/portarias\/prhae-2004-04939\/","title":{"rendered":"PORTARIA N\u00ba 04939\/PRHAE, DE 14 DE ABRIL DE 2004"},"content":{"rendered":"\n<p>A Pr\u00f3-Reitora de Recursos Humanos e Assuntos Estudantis da Universidade Federal do Paran\u00e1, em exerc\u00edcio, no uso de suas atribui\u00e7\u00f5es, tendo em vista \u00e0 compet\u00eancia que lhe \u00e9 conterida pela Portaria n\u00ba 2,590, de 26 de setembro de 1997, considerando o que consta no artigo 9\u00ba, inciso 11 da Lei n\u00ba 8.]12\/90 e 6 contido no processo n\u00ba 144 18;04-57,<\/p>\n\n\n<p><strong>RESOLVE:<\/strong><\/p>\n\n\n<p>I. Nomear, \u00e0 partir de 22 de mar\u00e7o de 2004, a servidora MARA LUZIA GUERRA MACUCO &#8211; OU3165, T\u00e9cnico em Assuntos Educacionais, para exercer o cargo de confian\u00e7a de Chefe da Unidade de Lazer do Centro de Educa\u00e7\u00e3o F\u00edsica e Desportos, FUX)), da Pr\u00f3-Reitoria de Extens\u00e3o e Cultura, autorizada pela Madida Provis\u00f3ria n\u00ba 1,534\/96, regulamentada pela Portaria Interministerial n\u00ba 1 .407\/96-MEC\/N\u00c1ARE.<\/p><p> [). \u00c0 citada servidora comprir\u00e1, obrigatoriamente, 6 regime de trabalho de tempo integral, de acordo em o disposto no $ 5\u00ba, artigo 1\u00ba da Lei n\u00ba 8.16B\/9], Publicado no Di\u00e1rio Of\u00edcial da uni\u00e3o de15\/04\/04 Se\u00e7\u00f5Eo , p\u00f3g 43 N.<\/p><p> A la Padua Pires de Caxtno Subsrciluta<\/p><p><\/p>\n\n\n<div style=\"height:15px\" aria-hidden=\"true\" class=\"wp-block-spacer\"><\/div>\n\n\n<div class=\"wp-block-buttons is-content-justification-right is-layout-flex wp-container-core-buttons-is-layout-1 wp-block-buttons-is-layout-flex\">\n<div class=\"wp-block-button has-custom-font-size is-style-outline has-small-font-size is-style-outline--1\"><a class=\"wp-block-button__link\" href=\"https:\/\/progepe.ufpr.br\/portarias\/wp-content\/uploads\/pcp\/PRHAE\/2004\/4939PR.pdf\" style=\"border-radius:0px\" target=\"_blank\" rel=\"noreferrer noopener\">Acesse o arquivo da portaria<\/a><\/div><\/div>\n","protected":false},"excerpt":{"rendered":"<p>I. Nomear, \u00e0 partir de 22 de mar\u00e7o de 2004, a servidora MARA LUZIA GUERRA MACUCO &#8211; OU3165, T\u00e9cnico em Assuntos Educacionais, para exercer o cargo de confian\u00e7a de Chefe da Unidade de Lazer do Centro de Educa\u00e7\u00e3o F\u00edsica e Desportos, FUX)), da Pr\u00f3-Reitoria de Extens\u00e3o e Cultura, autorizada pela Madida Provis\u00f3ria n\u00ba 1,534\/96, regulamentada pela Portaria Interministerial n\u00ba 1 .407\/96-MEC\/N\u00c1ARE. [). \u00c0 citada servidora comprir\u00e1, obrigatoriamente, 6 regime de trabalho de tempo integral, de acordo em o disposto no $ 5\u00ba, artigo 1\u00ba da Lei n\u00ba 8.16B\/9], Publicado no Di\u00e1rio Of\u00edcial da uni\u00e3o de15\/04\/04 Se\u00e7\u00f5Eo , p\u00f3g<\/p>\n","protected":false},"author":41,"featured_media":0,"comment_status":"closed","ping_status":"closed","sticky":false,"template":"wp-custom-template-emissao-entre-01-05-2004-ate-30-06-2017","format":"standard","meta":{"_acf_changed":false,"iawp_total_views":0,"footnotes":""},"categories":[232],"tags":[],"class_list":["post-237134","post","type-post","status-publish","format-standard","hentry","category-prhae"],"acf":[],"_links":{"self":[{"href":"https:\/\/progepe.ufpr.br\/portarias\/wp-json\/wp\/v2\/posts\/237134","targetHints":{"allow":["GET"]}}],"collection":[{"href":"https:\/\/progepe.ufpr.br\/portarias\/wp-json\/wp\/v2\/posts"}],"about":[{"href":"https:\/\/progepe.ufpr.br\/portarias\/wp-json\/wp\/v2\/types\/post"}],"author":[{"embeddable":true,"href":"https:\/\/progepe.ufpr.br\/portarias\/wp-json\/wp\/v2\/users\/41"}],"replies":[{"embeddable":true,"href":"https:\/\/progepe.ufpr.br\/portarias\/wp-json\/wp\/v2\/comments?post=237134"}],"version-history":[{"count":1,"href":"https:\/\/progepe.ufpr.br\/portarias\/wp-json\/wp\/v2\/posts\/237134\/revisions"}],"predecessor-version":[{"id":239618,"href":"https:\/\/progepe.ufpr.br\/portarias\/wp-json\/wp\/v2\/posts\/237134\/revisions\/239618"}],"wp:attachment":[{"href":"https:\/\/progepe.ufpr.br\/portarias\/wp-json\/wp\/v2\/media?parent=237134"}],"wp:term":[{"taxonomy":"category","embeddable":true,"href":"https:\/\/progepe.ufpr.br\/portarias\/wp-json\/wp\/v2\/categories?post=237134"},{"taxonomy":"post_tag","embeddable":true,"href":"https:\/\/progepe.ufpr.br\/portarias\/wp-json\/wp\/v2\/tags?post=237134"}],"curies":[{"name":"wp","href":"https:\/\/api.w.org\/{rel}","templated":true}]}}