{"id":23799,"date":"2020-01-07T10:18:00","date_gmt":"2020-01-07T13:18:00","guid":{"rendered":"http:\/\/progepe.ufpr.br\/portal\/?post_type=portarias&#038;p=23799"},"modified":"2024-01-18T15:31:22","modified_gmt":"2024-01-18T18:31:22","slug":"progepe-2020-00083","status":"publish","type":"post","link":"https:\/\/progepe.ufpr.br\/portarias\/progepe-2020-00083\/","title":{"rendered":"PORTARIA N\u00ba 00083\/PROGEPE, DE 07 DE JANEIRO DE 2020"},"content":{"rendered":"\n<p><strong>A Pr\u00f3-Reitora de Gest\u00e3o de Pessoas da Universidade Federal do Paran\u00e1, em exerc\u00edcio,<\/strong>  no uso de suas atribui\u00e7\u00f5es, tendo em vista a compet\u00eancia que lhe \u00e9  conferida pela Portaria n\u00ba 2.590, de 26 de setembro de 1997,  considerando o que consta na Resolu\u00e7\u00e3o n\u00ba 10\/2014-CEPE; Artigo 13 da Lei  n\u00ba 12.772\/12 e ainda o que consta no processo n\u00ba 23075.089331\/2019-21, <\/p>\n\n\n\n<p>RESOLVE:<\/p>\n\n\n\n<p>I. Conceder promo\u00e7\u00e3o funcional \u00e0 servidora \nSHIRLEY BOLLER \u2013 2582981, lotada no Departamento de Enfermagem do Setor \nde Ci\u00eancias da Sa\u00fade, do n\u00edvel 5-02 da classe B \u2013 Assistente para o \nn\u00edvel 6-01 da classe C &#8211; Adjunto, a partir de 12 de novembro de 2019.<\/p>\n\n\n\n<p>II. Conceder retribui\u00e7\u00e3o por titula\u00e7\u00e3o, de \nacordo com o Artigo 16 da Lei n\u00ba 12.772\/12, a partir de 12 de novembro \nde 2019, \u00e0 referida servidora, tendo em vista a obten\u00e7\u00e3o do T\u00edtulo de \nDoutor em Enfermagem.<\/p>\n\n\n\n<p>III. A progress\u00e3o subsequente ser\u00e1 a partir de 12 de novembro de 2021, conforme o \u00a72 do artigo 4\u00ba da resolu\u00e7\u00e3o 10\/14.<\/p>\n","protected":false},"excerpt":{"rendered":"<p>I. Conceder promo\u00e7\u00e3o funcional \u00e0 servidora SHIRLEY BOLLER \u2013 2582981, lotada no Departamento de Enfermagem do Setor de Ci\u00eancias da Sa\u00fade, do n\u00edvel 5-02 da classe B \u2013 Assistente para o n\u00edvel 6-01 da classe C &#8211; Adjunto, a partir de 12 de novembro de 2019.  II. Conceder retribui\u00e7\u00e3o por titula\u00e7\u00e3o, de acordo com o Artigo 16 da Lei n\u00ba 12.772\/12, a partir de 12 de novembro de 2019, \u00e0 referida servidora, tendo em vista a obten\u00e7\u00e3o do T\u00edtulo de Doutor em Enfermagem.  III. A progress\u00e3o subsequente ser\u00e1 a partir de 12 de novembro de 2021,<\/p>\n","protected":false},"author":48,"featured_media":0,"comment_status":"closed","ping_status":"closed","sticky":false,"template":"","format":"standard","meta":{"_acf_changed":false,"iawp_total_views":1,"footnotes":""},"categories":[116],"tags":[143,147],"class_list":["post-23799","post","type-post","status-publish","format-standard","hentry","category-progepe","tag-progressao-promocao","tag-retribuicao-titulacao"],"acf":[],"_links":{"self":[{"href":"https:\/\/progepe.ufpr.br\/portarias\/wp-json\/wp\/v2\/posts\/23799","targetHints":{"allow":["GET"]}}],"collection":[{"href":"https:\/\/progepe.ufpr.br\/portarias\/wp-json\/wp\/v2\/posts"}],"about":[{"href":"https:\/\/progepe.ufpr.br\/portarias\/wp-json\/wp\/v2\/types\/post"}],"author":[{"embeddable":true,"href":"https:\/\/progepe.ufpr.br\/portarias\/wp-json\/wp\/v2\/users\/48"}],"replies":[{"embeddable":true,"href":"https:\/\/progepe.ufpr.br\/portarias\/wp-json\/wp\/v2\/comments?post=23799"}],"version-history":[{"count":2,"href":"https:\/\/progepe.ufpr.br\/portarias\/wp-json\/wp\/v2\/posts\/23799\/revisions"}],"predecessor-version":[{"id":253916,"href":"https:\/\/progepe.ufpr.br\/portarias\/wp-json\/wp\/v2\/posts\/23799\/revisions\/253916"}],"wp:attachment":[{"href":"https:\/\/progepe.ufpr.br\/portarias\/wp-json\/wp\/v2\/media?parent=23799"}],"wp:term":[{"taxonomy":"category","embeddable":true,"href":"https:\/\/progepe.ufpr.br\/portarias\/wp-json\/wp\/v2\/categories?post=23799"},{"taxonomy":"post_tag","embeddable":true,"href":"https:\/\/progepe.ufpr.br\/portarias\/wp-json\/wp\/v2\/tags?post=23799"}],"curies":[{"name":"wp","href":"https:\/\/api.w.org\/{rel}","templated":true}]}}