{"id":241291,"date":"2003-01-14T10:01:00","date_gmt":"2003-01-14T12:01:00","guid":{"rendered":"http:\/\/progepe.ufpr.br\/portarias\/prhae-2003-01738\/"},"modified":"2023-09-05T09:32:28","modified_gmt":"2023-09-05T12:32:28","slug":"prhae-2003-01738","status":"publish","type":"post","link":"https:\/\/progepe.ufpr.br\/portarias\/prhae-2003-01738\/","title":{"rendered":"PORTARIA N\u00ba 01738\/PRHAE, DE 14 DE JANEIRO DE 2003"},"content":{"rendered":"\n<p>O Pr\u00f3-Reitor de Recursos Humanos e Assuntos Estudantis da Universidade Federal do Paran\u00e1, em exerc\u00edcio, no uso de suas atribui\u00e7\u00f5es, tieenmddoo em vviisstiaa aa ccoormipeli\u00eancia que Tlhhee \u00e9\u00e9 ccoonnffeerriida pela Portaria n\u00ba 23,.5950, ddee 2265 de sejtembro de 1997, ccoonnssiidderaendo oo que cconsta nas Lei pn\u00ba 8.745\/939 ee 9D..864499\/\/999 \u00e9e ddee aceorndo comm aas4 Reseolsu\u00e7\u00f5oesl nun\u00ba\u00ba \u00e7772\u00f5H\/D0Le1-\u00c7CsEP , 31\/105-\/CEPe5 e 265\/606&#8211;CCEEPPCEE,, Be\u00e9 aPs\u00edinda o contido no processo n\u00ba 219275\/02-D00,<\/p>\n\n\n<p><strong>RESOLVE:<\/strong><\/p>\n\n\n<p>TL., Contrataarr CARLOS RODOLFO REISSMANN, ccoommoo PPrrofessor Substituto, ccoom ss\u00e1all\u00e1\u00e1rriioo ccoorrrreespondente \u00e0\u00e0 clasme de PFrrooffeessssoorr Auxiliar, nn\u00ed\u00edvel L1 , nono rmeggime ddoe trabalho de 20 ((vvinte) horas sermoaannaaiis, pacra oo Depaertamento de Administra\u00e7\u00e3\u00e3oo CGleeral ee Aplticada da Setor dae Ci\u00eanciSoaccklsaaii ss AApplliiccaaddaass,, a partiirr de aassinmaitura do contrato, at\u00e9 15 dde abrild e 20X(13, nnaa vaga dde c\u00f3digo 226644048, I1L, CCoonncceeder o acr\u00e9scimo sseellaarial, ddee aecoerdo caom o aarrttiiggo 1\u00ba, 5 $ 1\u00ba, al\u00edinea a* ada* LL ei n\u00ba 8.224433\/991, tendo em vista ppoesssuuiri r o t\u00edtulo dde Esspepceiacliza\u00e7l\u00e3eieomm zMMaar\u00e7rkke\u00e3etiong Empresarial.<\/p><p> susicado eo Disio \u00d3ticas Es tram (\u00c1S LDB, secton\u00f3sT dEi E<\/p><p><\/p>\n\n\n<div style=\"height:15px\" aria-hidden=\"true\" class=\"wp-block-spacer\"><\/div>\n\n\n<div class=\"wp-block-buttons is-content-justification-right is-layout-flex wp-container-core-buttons-is-layout-1 wp-block-buttons-is-layout-flex\">\n<div class=\"wp-block-button has-custom-font-size is-style-outline has-small-font-size is-style-outline--1\"><a class=\"wp-block-button__link\" href=\"https:\/\/progepe.ufpr.br\/portarias\/wp-content\/uploads\/pcp\/PRHAE\/2003\/1738PR.pdf\" style=\"border-radius:0px\" target=\"_blank\" rel=\"noreferrer noopener\">Acesse o arquivo da portaria<\/a><\/div><\/div>\n","protected":false},"excerpt":{"rendered":"<p>TL., Contrataarr CARLOS RODOLFO REISSMANN, ccoommoo PPrrofessor Substituto, ccoom ss\u00e1all\u00e1\u00e1rriioo ccoorrrreespondente \u00e0\u00e0 clasme de PFrrooffeessssoorr Auxiliar, nn\u00ed\u00edvel L1 , nono rmeggime ddoe trabalho de 20 ((vvinte) horas sermoaannaaiis, pacra oo Depaertamento de Administra\u00e7\u00e3\u00e3oo CGleeral ee Aplticada da Setor dae Ci\u00eanciSoaccklsaaii ss AApplliiccaaddaass,, a partiirr de aassinmaitura do contrato, at\u00e9 15 dde abrild e 20X(13, nnaa vaga dde c\u00f3digo 226644048, I1L, CCoonncceeder o acr\u00e9scimo sseellaarial, ddee aecoerdo caom o aarrttiiggo 1\u00ba, 5 $ 1\u00ba, al\u00edinea a* ada* LL ei n\u00ba 8.224433\/991, tendo em vista ppoesssuuiri r o t\u00edtulo dde Esspepceiacliza\u00e7l\u00e3eieomm zMMaar\u00e7rkke\u00e3etiong Empresarial. susicado eo Disio \u00d3ticas Es tram (\u00c1S<\/p>\n","protected":false},"author":41,"featured_media":0,"comment_status":"closed","ping_status":"closed","sticky":false,"template":"wp-custom-template-emissao-entre-01-05-2004-ate-30-06-2017","format":"standard","meta":{"_acf_changed":false,"iawp_total_views":0,"footnotes":""},"categories":[232],"tags":[],"class_list":["post-241291","post","type-post","status-publish","format-standard","hentry","category-prhae"],"acf":[],"_links":{"self":[{"href":"https:\/\/progepe.ufpr.br\/portarias\/wp-json\/wp\/v2\/posts\/241291","targetHints":{"allow":["GET"]}}],"collection":[{"href":"https:\/\/progepe.ufpr.br\/portarias\/wp-json\/wp\/v2\/posts"}],"about":[{"href":"https:\/\/progepe.ufpr.br\/portarias\/wp-json\/wp\/v2\/types\/post"}],"author":[{"embeddable":true,"href":"https:\/\/progepe.ufpr.br\/portarias\/wp-json\/wp\/v2\/users\/41"}],"replies":[{"embeddable":true,"href":"https:\/\/progepe.ufpr.br\/portarias\/wp-json\/wp\/v2\/comments?post=241291"}],"version-history":[{"count":1,"href":"https:\/\/progepe.ufpr.br\/portarias\/wp-json\/wp\/v2\/posts\/241291\/revisions"}],"predecessor-version":[{"id":243849,"href":"https:\/\/progepe.ufpr.br\/portarias\/wp-json\/wp\/v2\/posts\/241291\/revisions\/243849"}],"wp:attachment":[{"href":"https:\/\/progepe.ufpr.br\/portarias\/wp-json\/wp\/v2\/media?parent=241291"}],"wp:term":[{"taxonomy":"category","embeddable":true,"href":"https:\/\/progepe.ufpr.br\/portarias\/wp-json\/wp\/v2\/categories?post=241291"},{"taxonomy":"post_tag","embeddable":true,"href":"https:\/\/progepe.ufpr.br\/portarias\/wp-json\/wp\/v2\/tags?post=241291"}],"curies":[{"name":"wp","href":"https:\/\/api.w.org\/{rel}","templated":true}]}}