{"id":241439,"date":"2003-02-14T10:14:00","date_gmt":"2003-02-14T12:14:00","guid":{"rendered":"http:\/\/progepe.ufpr.br\/portarias\/prhae-2003-01915\/"},"modified":"2023-09-05T09:32:34","modified_gmt":"2023-09-05T12:32:34","slug":"prhae-2003-01915","status":"publish","type":"post","link":"https:\/\/progepe.ufpr.br\/portarias\/prhae-2003-01915\/","title":{"rendered":"PORTARIA N\u00ba 01915\/PRHAE, DE 14 DE FEVEREIRO DE 2003"},"content":{"rendered":"\n<p>O Pr\u00f3-Reitor de Recursos Humanos e Assuntos Estudantis da Universidade Federal do Paran\u00e1, no uso de suas atribui\u00e7\u00f5es, teennddo em vista a compet\u00ea\u00eanncciiaa qque llhhee \u00e9\u00e9 ccoonferida pela PPoorrttaria n\u00ba 2,590, ddee 2655 de asceisecmbro de 1997, considerando o que ccxmsta nnoo aarrttigo 16, iinncciiso 1T do Decrreettoo nn\u00ba 9S4d,6644\/\/68877, artigo 11 ddaa PPoorrttaarriiaa nn\u00ba\u00ba 4758\/87-MEC e aaiinnda o0 ocponnttiiddoo n=o0 processoo n\u00ba 335522 1166\/\/0022&#8211;07,<\/p>\n\n\n<p><strong>RESOLVE:<\/strong><\/p>\n\n\n<p>Conc\u00f3eder porrooggrreessss\u00e3o funcionasl sao Profiessor MARCOS SFAIR SUNYE &#8211; 1482709, lloottado no Departamento de Inform\u00e1tica do Seitnor ddee Ci\u00eancias Exatas, do ni\u00edvelt 1UI ppaara. oo n\u00edvel INO da ccllaessssee AAddjjuuntio, a2 ppaarrir de 27 de naovembro de 2002, tendeo nem dvisota lker obutdo 226 (duzentos e vinte \u00e9e seiss)) ppoannthos na avalias\u00e7\u00e3o de: desenmpenho.<\/p><p><\/p>\n\n\n<div style=\"height:15px\" aria-hidden=\"true\" class=\"wp-block-spacer\"><\/div>\n\n\n<div class=\"wp-block-buttons is-content-justification-right is-layout-flex wp-container-core-buttons-is-layout-1 wp-block-buttons-is-layout-flex\">\n<div class=\"wp-block-button has-custom-font-size is-style-outline has-small-font-size is-style-outline--1\"><a class=\"wp-block-button__link\" href=\"https:\/\/progepe.ufpr.br\/portarias\/wp-content\/uploads\/pcp\/PRHAE\/2003\/1915PR.pdf\" style=\"border-radius:0px\" target=\"_blank\" rel=\"noreferrer noopener\">Acesse o arquivo da portaria<\/a><\/div><\/div>\n","protected":false},"excerpt":{"rendered":"<p>Conc\u00f3eder porrooggrreessss\u00e3o funcionasl sao Profiessor MARCOS SFAIR SUNYE &#8211; 1482709, lloottado no Departamento de Inform\u00e1tica do Seitnor ddee Ci\u00eancias Exatas, do ni\u00edvelt 1UI ppaara. oo n\u00edvel INO da ccllaessssee AAddjjuuntio, a2 ppaarrir de 27 de naovembro de 2002, tendeo nem dvisota lker obutdo 226 (duzentos e vinte \u00e9e seiss)) ppoannthos na avalias\u00e7\u00e3o de: desenmpenho.  {&#8220;height&#8221;:&#8221;15px&#8221;} <\/p>\n<div style=\"height:15px\" aria-hidden=\"true\" class=\"wp-block-spacer\"> <!-- \/wp:spacer  {\"layout\":{\"type\":\"flex\",\"justifyContent\":\"right\"}} \n\n<div class=\"wp-block-buttons\"><!-- wp:button {\"style\":{\"border\":{\"radius\":\"0px\"}},\"className\":\"is-style-outline\",\"fontSize\":\"small\"} \n\n<div class=\"wp-block-button has-custom-font-size is-style-outline has-small-font-size\"><a class=\"wp-block-button__link\" href=\"https:\/\/progepe.ufpr.br\/portarias\/wp-content\/uploads\/pcp\/PRHAE\/2003\/1915PR.pdf\" style=\"border-radius:0px\" target=\"_blank\" rel=\"noreferrer noopener\">Acesse o arquivo da portaria<\/a><!-- \/wp:button <!-- \/wp:button\n<\/p>\n","protected":false},"author":41,"featured_media":0,"comment_status":"closed","ping_status":"closed","sticky":false,"template":"wp-custom-template-emissao-entre-01-05-2004-ate-30-06-2017","format":"standard","meta":{"_acf_changed":false,"iawp_total_views":0,"footnotes":""},"categories":[232],"tags":[],"class_list":["post-241439","post","type-post","status-publish","format-standard","hentry","category-prhae"],"acf":[],"_links":{"self":[{"href":"https:\/\/progepe.ufpr.br\/portarias\/wp-json\/wp\/v2\/posts\/241439","targetHints":{"allow":["GET"]}}],"collection":[{"href":"https:\/\/progepe.ufpr.br\/portarias\/wp-json\/wp\/v2\/posts"}],"about":[{"href":"https:\/\/progepe.ufpr.br\/portarias\/wp-json\/wp\/v2\/types\/post"}],"author":[{"embeddable":true,"href":"https:\/\/progepe.ufpr.br\/portarias\/wp-json\/wp\/v2\/users\/41"}],"replies":[{"embeddable":true,"href":"https:\/\/progepe.ufpr.br\/portarias\/wp-json\/wp\/v2\/comments?post=241439"}],"version-history":[{"count":1,"href":"https:\/\/progepe.ufpr.br\/portarias\/wp-json\/wp\/v2\/posts\/241439\/revisions"}],"predecessor-version":[{"id":244013,"href":"https:\/\/progepe.ufpr.br\/portarias\/wp-json\/wp\/v2\/posts\/241439\/revisions\/244013"}],"wp:attachment":[{"href":"https:\/\/progepe.ufpr.br\/portarias\/wp-json\/wp\/v2\/media?parent=241439"}],"wp:term":[{"taxonomy":"category","embeddable":true,"href":"https:\/\/progepe.ufpr.br\/portarias\/wp-json\/wp\/v2\/categories?post=241439"},{"taxonomy":"post_tag","embeddable":true,"href":"https:\/\/progepe.ufpr.br\/portarias\/wp-json\/wp\/v2\/tags?post=241439"}],"curies":[{"name":"wp","href":"https:\/\/api.w.org\/{rel}","templated":true}]}}