{"id":241446,"date":"2003-02-14T10:21:00","date_gmt":"2003-02-14T12:21:00","guid":{"rendered":"http:\/\/progepe.ufpr.br\/portarias\/prhae-2003-01922\/"},"modified":"2023-09-05T09:32:34","modified_gmt":"2023-09-05T12:32:34","slug":"prhae-2003-01922","status":"publish","type":"post","link":"https:\/\/progepe.ufpr.br\/portarias\/prhae-2003-01922\/","title":{"rendered":"PORTARIA N\u00ba 01922\/PRHAE, DE 14 DE FEVEREIRO DE 2003"},"content":{"rendered":"\n<p>O Pr\u00f3-Reitor de Recursos Humanos e Assuntos Estudantis da Universidade Federal do Paran\u00e1, no uso de suas atribui\u00e7\u00f5es, tendo em vista aa ccoommppet\u00eancia qquue llhhec \u00e9\u00e9 conferida pela PBoorrttaarriiaa n\u00ba 72.590, de 26 ddee setembro ddee 1997, considerando qo que constea no artigo 16, iinciso 1 1 da DDeecreto n\u00ba 9644,,6664\/87, artigo 11, \u00c0 \u00fat\u00ednniiccoo ddaa Portaria an\u00ba 447755\/\/8877&#8211;MMEECC e aa\u00edinnddaa contido nno pprroocceessssoo nn\u00ba 13955\/020-49,<\/p>\n\n\n<p><strong>RESOLVE:<\/strong><\/p>\n\n\n<p>Coaonn\u00e7caeddeerr progreas\u00e3o fuoncionaall \u00e0 PPrrooffeessssoorraa ddee 2\u00ba GGraouv MARINEZ MENONCIN PACHECO &#8211; 96636, lotada na Escola T\u00e9cnica doesma, UUnniivveerrssiiddaaddee, ddoo n\u00edvel TIV da clasmsee DDi para oo n\u00edivel 1I da claasse E, a ppartir de 03 ddee mmaaiioo de 2002, tteenndo emm vista tier obtido 181 (coento ee eciibteennttaa \u00e9e uumm ) po\u00f3ntios sfai\u00e1 avalia\u00e7\u00e3o de desempenho,<\/p><p><\/p>\n\n\n<div style=\"height:15px\" aria-hidden=\"true\" class=\"wp-block-spacer\"><\/div>\n\n\n<div class=\"wp-block-buttons is-content-justification-right is-layout-flex wp-container-core-buttons-is-layout-1 wp-block-buttons-is-layout-flex\">\n<div class=\"wp-block-button has-custom-font-size is-style-outline has-small-font-size is-style-outline--1\"><a class=\"wp-block-button__link\" href=\"https:\/\/progepe.ufpr.br\/portarias\/wp-content\/uploads\/pcp\/PRHAE\/2003\/1922PR.pdf\" style=\"border-radius:0px\" target=\"_blank\" rel=\"noreferrer noopener\">Acesse o arquivo da portaria<\/a><\/div><\/div>\n","protected":false},"excerpt":{"rendered":"<p>Coaonn\u00e7caeddeerr progreas\u00e3o fuoncionaall \u00e0 PPrrooffeessssoorraa ddee 2\u00ba GGraouv MARINEZ MENONCIN PACHECO &#8211; 96636, lotada na Escola T\u00e9cnica doesma, UUnniivveerrssiiddaaddee, ddoo n\u00edvel TIV da clasmsee DDi para oo n\u00edivel 1I da claasse E, a ppartir de 03 ddee mmaaiioo de 2002, tteenndo emm vista tier obtido 181 (coento ee eciibteennttaa \u00e9e uumm ) po\u00f3ntios sfai\u00e1 avalia\u00e7\u00e3o de desempenho,  {&#8220;height&#8221;:&#8221;15px&#8221;} <\/p>\n<div style=\"height:15px\" aria-hidden=\"true\" class=\"wp-block-spacer\"> <!-- \/wp:spacer  {\"layout\":{\"type\":\"flex\",\"justifyContent\":\"right\"}} \n\n<div class=\"wp-block-buttons\"><!-- wp:button {\"style\":{\"border\":{\"radius\":\"0px\"}},\"className\":\"is-style-outline\",\"fontSize\":\"small\"} \n\n<div class=\"wp-block-button has-custom-font-size is-style-outline has-small-font-size\"><a class=\"wp-block-button__link\" href=\"https:\/\/progepe.ufpr.br\/portarias\/wp-content\/uploads\/pcp\/PRHAE\/2003\/1922PR.pdf\" style=\"border-radius:0px\" target=\"_blank\" rel=\"noreferrer noopener\">Acesse o arquivo da portaria<\/a><!-- \/wp:button\n<\/p>\n","protected":false},"author":41,"featured_media":0,"comment_status":"closed","ping_status":"closed","sticky":false,"template":"wp-custom-template-emissao-entre-01-05-2004-ate-30-06-2017","format":"standard","meta":{"_acf_changed":false,"iawp_total_views":0,"footnotes":""},"categories":[232],"tags":[],"class_list":["post-241446","post","type-post","status-publish","format-standard","hentry","category-prhae"],"acf":[],"_links":{"self":[{"href":"https:\/\/progepe.ufpr.br\/portarias\/wp-json\/wp\/v2\/posts\/241446","targetHints":{"allow":["GET"]}}],"collection":[{"href":"https:\/\/progepe.ufpr.br\/portarias\/wp-json\/wp\/v2\/posts"}],"about":[{"href":"https:\/\/progepe.ufpr.br\/portarias\/wp-json\/wp\/v2\/types\/post"}],"author":[{"embeddable":true,"href":"https:\/\/progepe.ufpr.br\/portarias\/wp-json\/wp\/v2\/users\/41"}],"replies":[{"embeddable":true,"href":"https:\/\/progepe.ufpr.br\/portarias\/wp-json\/wp\/v2\/comments?post=241446"}],"version-history":[{"count":1,"href":"https:\/\/progepe.ufpr.br\/portarias\/wp-json\/wp\/v2\/posts\/241446\/revisions"}],"predecessor-version":[{"id":244020,"href":"https:\/\/progepe.ufpr.br\/portarias\/wp-json\/wp\/v2\/posts\/241446\/revisions\/244020"}],"wp:attachment":[{"href":"https:\/\/progepe.ufpr.br\/portarias\/wp-json\/wp\/v2\/media?parent=241446"}],"wp:term":[{"taxonomy":"category","embeddable":true,"href":"https:\/\/progepe.ufpr.br\/portarias\/wp-json\/wp\/v2\/categories?post=241446"},{"taxonomy":"post_tag","embeddable":true,"href":"https:\/\/progepe.ufpr.br\/portarias\/wp-json\/wp\/v2\/tags?post=241446"}],"curies":[{"name":"wp","href":"https:\/\/api.w.org\/{rel}","templated":true}]}}