{"id":241460,"date":"2003-02-14T10:35:00","date_gmt":"2003-02-14T12:35:00","guid":{"rendered":"http:\/\/progepe.ufpr.br\/portarias\/prhae-2003-01936\/"},"modified":"2023-12-11T15:22:46","modified_gmt":"2023-12-11T18:22:46","slug":"prhae-2003-01936","status":"publish","type":"post","link":"https:\/\/progepe.ufpr.br\/portarias\/prhae-2003-01936\/","title":{"rendered":"PORTARIA N\u00ba 01936\/PRHAE, DE 14 DE FEVEREIRO DE 2003"},"content":{"rendered":"\n<p style=\"padding-left:43%\">O Pr\u00f3-Reitor de Recursos Humanos e Assuntos Estudantis da Universidade Federal do Paran\u00e1, no uso de suas atribui\u00e7\u00f5es, tendo em vista a compet\u00eancia que lhe \u00e9 conferida pela Portaria n\u00ba 2.590, de 26 de setembro de 1997, o que consta no artigo 9\u00ba, inciso I da Lei n\u00ba 8.112\/90 e de acordo com a Portaria do MEC n\u00ba 1.979, de 06.09.01, publicada no DOU de 10.09.01 e ainda o contido no processo n\u00ba 1015\/03-05,<\/p>\n\n\n\n<p style=\"padding-left:43%\"><strong>RESOLVE:<\/strong><\/p>\n\n\n\n<p>I. Nomear em car\u00e1ter efetivo, OLICIES DA CUNHA, habilitado em concurso p\u00fablico de provas e t\u00edtulos, homologado em 26.12.2002, para o cargo de Professor do Grupo Magist\u00e9rio Superior, classe Assistente, n\u00edvel I, em regime de trabalho de dedica\u00e7\u00e3o exclusiva, na \u00e1rea de Medicina Veterin\u00e1ria, mat\u00e9ria espec\u00edfica: Cl\u00ednica M\u00e9dica e Cir\u00fargica de Grandes Animais, para o Departamento de Medicina Veterin\u00e1ria da Coordena\u00e7\u00e3o do Curso de Medicina Veterin\u00e1ria do Campus Avan\u00e7ado de Palotina, na vaga de c\u00f3digo n\u00ba 263198.<\/p>\n\n\n\n<p>II. Conceder acr\u00e9scimo salarial, de acordo com o artigo 1\u00ba, \u00a7 1\u00ba, al\u00ednea &#8220;a&#8221; da Lei n\u00ba 8.243\/91, a partir da data de exerc\u00edcio, tendo em vista possuir t\u00edtulo de Mestre em Medicina Veterin\u00e1ria, \u00e1rea de concentra\u00e7\u00e3o em Cirurgia Veterin\u00e1ria.<\/p>\n","protected":false},"excerpt":{"rendered":"<p>I. Nomear em car\u00e1ter efetivo, OLICIES DA CUNHA, habilitado em concurso p\u00fablico de provas e t\u00edtulos, homologado em 26.12.2002, para o cargo de Professor do Grupo Magist\u00e9rio Superior, classe Assistente, n\u00edvel I, em regime de trabalho de dedica\u00e7\u00e3o exclusiva, na \u00e1rea de Medicina Veterin\u00e1ria, mat\u00e9ria espec\u00edfica: Cl\u00ednica M\u00e9dica e Cir\u00fargica de Grandes Animais, para o Departamento de Medicina Veterin\u00e1ria da Coordena\u00e7\u00e3o do Curso de Medicina Veterin\u00e1ria do Campus Avan\u00e7ado de Palotina, na vaga de c\u00f3digo n\u00ba 263198.  II. Conceder acr\u00e9scimo salarial, de acordo com o artigo 1\u00ba, \u00a7 1\u00ba, al\u00ednea &#8220;a&#8221; da Lei n\u00ba 8.243\/91, a partir<\/p>\n","protected":false},"author":41,"featured_media":0,"comment_status":"closed","ping_status":"closed","sticky":false,"template":"","format":"standard","meta":{"_acf_changed":false,"iawp_total_views":0,"footnotes":""},"categories":[232],"tags":[283,121],"class_list":["post-241460","post","type-post","status-publish","format-standard","hentry","category-prhae","tag-acrescimo-salarial","tag-nomeacao"],"acf":[],"_links":{"self":[{"href":"https:\/\/progepe.ufpr.br\/portarias\/wp-json\/wp\/v2\/posts\/241460","targetHints":{"allow":["GET"]}}],"collection":[{"href":"https:\/\/progepe.ufpr.br\/portarias\/wp-json\/wp\/v2\/posts"}],"about":[{"href":"https:\/\/progepe.ufpr.br\/portarias\/wp-json\/wp\/v2\/types\/post"}],"author":[{"embeddable":true,"href":"https:\/\/progepe.ufpr.br\/portarias\/wp-json\/wp\/v2\/users\/41"}],"replies":[{"embeddable":true,"href":"https:\/\/progepe.ufpr.br\/portarias\/wp-json\/wp\/v2\/comments?post=241460"}],"version-history":[{"count":6,"href":"https:\/\/progepe.ufpr.br\/portarias\/wp-json\/wp\/v2\/posts\/241460\/revisions"}],"predecessor-version":[{"id":253672,"href":"https:\/\/progepe.ufpr.br\/portarias\/wp-json\/wp\/v2\/posts\/241460\/revisions\/253672"}],"wp:attachment":[{"href":"https:\/\/progepe.ufpr.br\/portarias\/wp-json\/wp\/v2\/media?parent=241460"}],"wp:term":[{"taxonomy":"category","embeddable":true,"href":"https:\/\/progepe.ufpr.br\/portarias\/wp-json\/wp\/v2\/categories?post=241460"},{"taxonomy":"post_tag","embeddable":true,"href":"https:\/\/progepe.ufpr.br\/portarias\/wp-json\/wp\/v2\/tags?post=241460"}],"curies":[{"name":"wp","href":"https:\/\/api.w.org\/{rel}","templated":true}]}}