{"id":241462,"date":"2003-02-14T10:37:00","date_gmt":"2003-02-14T12:37:00","guid":{"rendered":"http:\/\/progepe.ufpr.br\/portarias\/prhae-2003-01938\/"},"modified":"2024-02-28T15:12:31","modified_gmt":"2024-02-28T18:12:31","slug":"prhae-2003-01938","status":"publish","type":"post","link":"https:\/\/progepe.ufpr.br\/portarias\/prhae-2003-01938\/","title":{"rendered":"PORTARIA N\u00ba 01938\/PRHAE, DE 14 DE FEVEREIRO DE 2003"},"content":{"rendered":"\n<p style=\"padding-left:43%\">O Pr\u00f3-Reitor de Recursos Humanos e Assuntos Estudantis da Universidade Federal do Paran\u00e1, no uso de suas atribui\u00e7\u00f5es, tendo em vista a compet\u00eancia que lhe \u00e9 conferida pela Portaria n\u00ba 2.590, de 26 de setembro de 1997, o que consta no artigo 9\u00ba, inciso I da Lei n\u00ba 8.112\/90 e de acordo com a Portaria do MEC n\u00ba 1.979, de 06.09.01, publicada no DOU de 10.09.01 e considerando o contido no processo n\u00ba 187\/03-17,<\/p>\n\n\n\n<p style=\"padding-left:43%\"><strong>RESOLVE:<\/strong><\/p>\n\n\n\n<p>I. Nomear em car\u00e1ter efetivo, JASON BRITO PESSOA, habilitado em concurso p\u00fablico de provas e t\u00edtulos, homologado em 26.12.2002, para o cargo de Professor do Grupo Magist\u00e9rio Superior, classe Assistente, n\u00edvel I, em regime de trabalho de dedica\u00e7\u00e3o exclusiva, na \u00e1rea de Comunica\u00e7\u00e3o, mat\u00e9ria espec\u00edfica: T\u00e9cnicas Fotogr\u00e1ficas, Laborat\u00f3rio Avan\u00e7ado de Fotojornalismo, Fotografia Institucional, para o Departamento de Comunica\u00e7\u00e3o Social do Setor de Ci\u00eancias Humanas, Letras e Artes, na vaga de c\u00f3digo n\u00ba 263005.<\/p>\n\n\n\n<p>II. Conceder acr\u00e9scimo salarial, de acordo com o artigo 1\u00ba, \u00a7 1\u00ba, al\u00ednea &#8220;a&#8221; da Lei n\u00ba 8.243\/91, a partir da data de exerc\u00edcio, tendo em vista possuir t\u00edtulo de Mestre em Comunica\u00e7\u00e3o e Semi\u00f3tica.<\/p>\n","protected":false},"excerpt":{"rendered":"<p>I. Nomear em car\u00e1ter efetivo, JASON BRITO PESSOA, habilitado em concurso p\u00fablico de provas e t\u00edtulos, homologado em 26.12.2002, para o cargo de Professor do Grupo Magist\u00e9rio Superior, classe Assistente, n\u00edvel I, em regime de trabalho de dedica\u00e7\u00e3o exclusiva, na \u00e1rea de Comunica\u00e7\u00e3o, mat\u00e9ria espec\u00edfica: T\u00e9cnicas Fotogr\u00e1ficas, Laborat\u00f3rio Avan\u00e7ado de Fotojornalismo, Fotografia Institucional, para o Departamento de Comunica\u00e7\u00e3o Social do Setor de Ci\u00eancias Humanas, Letras e Artes, na vaga de c\u00f3digo n\u00ba 263005.  II. Conceder acr\u00e9scimo salarial, de acordo com o artigo 1\u00ba, \u00a7 1\u00ba, al\u00ednea &#8220;a&#8221; da Lei n\u00ba 8.243\/91, a partir da data de exerc\u00edcio,<\/p>\n","protected":false},"author":41,"featured_media":0,"comment_status":"closed","ping_status":"closed","sticky":false,"template":"","format":"standard","meta":{"_acf_changed":false,"iawp_total_views":0,"footnotes":""},"categories":[232],"tags":[283,121],"class_list":["post-241462","post","type-post","status-publish","format-standard","hentry","category-prhae","tag-acrescimo-salarial","tag-nomeacao"],"acf":[],"_links":{"self":[{"href":"https:\/\/progepe.ufpr.br\/portarias\/wp-json\/wp\/v2\/posts\/241462","targetHints":{"allow":["GET"]}}],"collection":[{"href":"https:\/\/progepe.ufpr.br\/portarias\/wp-json\/wp\/v2\/posts"}],"about":[{"href":"https:\/\/progepe.ufpr.br\/portarias\/wp-json\/wp\/v2\/types\/post"}],"author":[{"embeddable":true,"href":"https:\/\/progepe.ufpr.br\/portarias\/wp-json\/wp\/v2\/users\/41"}],"replies":[{"embeddable":true,"href":"https:\/\/progepe.ufpr.br\/portarias\/wp-json\/wp\/v2\/comments?post=241462"}],"version-history":[{"count":5,"href":"https:\/\/progepe.ufpr.br\/portarias\/wp-json\/wp\/v2\/posts\/241462\/revisions"}],"predecessor-version":[{"id":254790,"href":"https:\/\/progepe.ufpr.br\/portarias\/wp-json\/wp\/v2\/posts\/241462\/revisions\/254790"}],"wp:attachment":[{"href":"https:\/\/progepe.ufpr.br\/portarias\/wp-json\/wp\/v2\/media?parent=241462"}],"wp:term":[{"taxonomy":"category","embeddable":true,"href":"https:\/\/progepe.ufpr.br\/portarias\/wp-json\/wp\/v2\/categories?post=241462"},{"taxonomy":"post_tag","embeddable":true,"href":"https:\/\/progepe.ufpr.br\/portarias\/wp-json\/wp\/v2\/tags?post=241462"}],"curies":[{"name":"wp","href":"https:\/\/api.w.org\/{rel}","templated":true}]}}