{"id":241545,"date":"2003-03-07T10:00:00","date_gmt":"2003-03-07T13:00:00","guid":{"rendered":"http:\/\/progepe.ufpr.br\/portarias\/prhae-2003-02040\/"},"modified":"2003-03-07T10:00:00","modified_gmt":"2003-03-07T13:00:00","slug":"prhae-2003-02040","status":"publish","type":"post","link":"https:\/\/progepe.ufpr.br\/portarias\/prhae-2003-02040\/","title":{"rendered":"PORTARIA N\u00ba 02040\/PRHAE, DE 07 DE MAR\u00c7O DE 2003"},"content":{"rendered":"\n<p>O Pr\u00f3-Reitor de Recursos Houummaannoos \u20ace Assuntos Estudantis da Universidade FFederal ddo Paran\u00e1d, no uso de suas atribui\u00e7\u00f5es, tendo emm vista \u00e0a ccoommppeett\u00eancia que lhe \u00e9\u00e9 cconferida ppeellaa PPoarrttaarriiaa nn\u00ba\u00ba 22..559300,, ddee 2266 ddee sseetteemmbbrroo ddee 11999977 ee ccoonnssilddeerraannddoo oo que consta nnoo pprroocceesnso nn\u00ba\u00ba 4AR8B891\/\/0002&#8211;2244,,\/<\/p>\n\n\n<p><strong>RESOLVE:<\/strong><\/p>\n\n\n<p>Conceder 0o aaddiicciional ddee peri\u00e7culosgidade, corrrreespsopnodnendteen te2s0o grau m\u00f3\u00e9ddie o10 (dppooerr ccrzeennto ), aR partudie rOD 1) de janceitro 2003, aano serveidor JOS\u00c9 CARLOS TEIXEIRA DA SILVA &#8211; 97209, ooccuupante do cargeo de Asstisticeanttee ecm Administira\u00e7\u00e3o, lootatdao donma m Cocordena\u00e7\u00e3o do Curmssoo de P\u00f3s-Gradua\u00e7\u00e3o em Bot\u00e2nica do Setoar de Ci\u00eancias BBiiooll\u00f3\u00f3gicas.<\/p><p><\/p>\n\n\n<div style=\"height:15px\" aria-hidden=\"true\" class=\"wp-block-spacer\"><\/div>\n\n\n<div class=\"wp-block-buttons is-content-justification-right is-layout-flex wp-container-core-buttons-is-layout-1 wp-block-buttons-is-layout-flex\">\n<div class=\"wp-block-button has-custom-font-size is-style-outline has-small-font-size is-style-outline--1\"><a class=\"wp-block-button__link\" href=\"https:\/\/progepe.ufpr.br\/portarias\/wp-content\/uploads\/pcp\/PRHAE\/2003\/2040PR.pdf\" style=\"border-radius:0px\" target=\"_blank\" rel=\"noreferrer noopener\">Acesse o arquivo da portaria<\/a><\/div><\/div>\n","protected":false},"excerpt":{"rendered":"<p>Conceder 0o aaddiicciional ddee peri\u00e7culosgidade, corrrreespsopnodnendteen te2s0o grau m\u00f3\u00e9ddie o10 (dppooerr ccrzeennto ), aR partudie rOD 1) de janceitro 2003, aano serveidor JOS\u00c9 CARLOS TEIXEIRA DA SILVA &#8211; 97209, ooccuupante do cargeo de Asstisticeanttee ecm Administira\u00e7\u00e3o, lootatdao donma m Cocordena\u00e7\u00e3o do Curmssoo de P\u00f3s-Gradua\u00e7\u00e3o em Bot\u00e2nica do Setoar de Ci\u00eancias BBiiooll\u00f3\u00f3gicas.  {&#8220;height&#8221;:&#8221;15px&#8221;} <\/p>\n<div style=\"height:15px\" aria-hidden=\"true\" class=\"wp-block-spacer\"> <!-- \/wp:spacer  {\"layout\":{\"type\":\"flex\",\"justifyContent\":\"right\"}} \n\n<div class=\"wp-block-buttons\"><!-- wp:button {\"style\":{\"border\":{\"radius\":\"0px\"}},\"className\":\"is-style-outline\",\"fontSize\":\"small\"} \n\n<div class=\"wp-block-button has-custom-font-size is-style-outline has-small-font-size\"><a class=\"wp-block-button__link\" href=\"https:\/\/progepe.ufpr.br\/portarias\/wp-content\/uploads\/pcp\/PRHAE\/2003\/2040PR.pdf\" style=\"border-radius:0px\" target=\"_blank\" rel=\"noreferrer noopener\">Acesse o arquivo da portaria<\/a><!-- \/wp:butto\n<\/p>\n","protected":false},"author":41,"featured_media":0,"comment_status":"closed","ping_status":"closed","sticky":false,"template":"wp-custom-template-emissao-entre-01-05-2004-ate-30-06-2017","format":"standard","meta":{"_acf_changed":false,"iawp_total_views":0,"footnotes":""},"categories":[232],"tags":[],"class_list":["post-241545","post","type-post","status-publish","format-standard","hentry","category-prhae"],"acf":[],"_links":{"self":[{"href":"https:\/\/progepe.ufpr.br\/portarias\/wp-json\/wp\/v2\/posts\/241545","targetHints":{"allow":["GET"]}}],"collection":[{"href":"https:\/\/progepe.ufpr.br\/portarias\/wp-json\/wp\/v2\/posts"}],"about":[{"href":"https:\/\/progepe.ufpr.br\/portarias\/wp-json\/wp\/v2\/types\/post"}],"author":[{"embeddable":true,"href":"https:\/\/progepe.ufpr.br\/portarias\/wp-json\/wp\/v2\/users\/41"}],"replies":[{"embeddable":true,"href":"https:\/\/progepe.ufpr.br\/portarias\/wp-json\/wp\/v2\/comments?post=241545"}],"version-history":[{"count":0,"href":"https:\/\/progepe.ufpr.br\/portarias\/wp-json\/wp\/v2\/posts\/241545\/revisions"}],"wp:attachment":[{"href":"https:\/\/progepe.ufpr.br\/portarias\/wp-json\/wp\/v2\/media?parent=241545"}],"wp:term":[{"taxonomy":"category","embeddable":true,"href":"https:\/\/progepe.ufpr.br\/portarias\/wp-json\/wp\/v2\/categories?post=241545"},{"taxonomy":"post_tag","embeddable":true,"href":"https:\/\/progepe.ufpr.br\/portarias\/wp-json\/wp\/v2\/tags?post=241545"}],"curies":[{"name":"wp","href":"https:\/\/api.w.org\/{rel}","templated":true}]}}