{"id":241561,"date":"2003-03-13T10:09:00","date_gmt":"2003-03-13T13:09:00","guid":{"rendered":"http:\/\/progepe.ufpr.br\/portarias\/prhae-2003-02056\/"},"modified":"2023-09-05T09:32:39","modified_gmt":"2023-09-05T12:32:39","slug":"prhae-2003-02056","status":"publish","type":"post","link":"https:\/\/progepe.ufpr.br\/portarias\/prhae-2003-02056\/","title":{"rendered":"PORTARIA N\u00ba 02056\/PRHAE, DE 13 DE MAR\u00c7O DE 2003"},"content":{"rendered":"\n<p>O Pr\u00f3-Reitor de Recurseos AHHuummaannoos \u00e9e A\u00c1Asssuunnttos Estudantis da Universidade Federal do Paran\u00e1, \u00abno uso de Ssuas atribui\u00e7\u00f5es, tendo em vista a compet\u00eancia que lhe \u00e9 conferida pela Portaria n\u00ba 2,590, de 726 de setembro de 19977, \u00e9 o contido no processo n\u00ba 7547\/03-39,<\/p>\n\n\n<p><strong>RESOLVE:<\/strong><\/p>\n\n\n<p>Designa\u00e1r comiss\u00e3o para 2a an\u00e1lise \u20ace apresenta\u00e7\u00e3o de relat\u00f3rio que contenha altermnaattiivvas para decis\u00e3o do Plen\u00e1rio do CEPE a a ser realizado no dia 14,03.2003, dous processos n\u00ba 314423\/023-56 e 32855\/02-11., referentes a solicita\u00e7\u00e3o de expedi\u00e7\u00e3o de diploma de BFiblioctecc\u00e1\u00e1rriiaa.. Far\u00e3o parte da Comiss\u00e3o o0s5 seguintes membros: .<\/p><p> &#8211; CYNTIA CRISTINA ZARUCH CALIXTO &#8211; 109983 representante do CEPE.<\/p><p> &#8211; PALMIRA SEVEGNANI DE FREITAS &#8211; 156450 representante da PROGRAD.<\/p><p> &#8211; LAURA SANCHEZ GARCIA &#8211; 154385 representante do Curso de Gest\u00e3o da Informa\u00e7\u00e3o.<\/p><p> &#8211; DORA L\u00daCIA DE LIMA BERT\u00daLIO &#8211; 168564 representante da CPJ.<\/p><p><\/p>\n\n\n<div style=\"height:15px\" aria-hidden=\"true\" class=\"wp-block-spacer\"><\/div>\n\n\n<div class=\"wp-block-buttons is-content-justification-right is-layout-flex wp-container-core-buttons-is-layout-1 wp-block-buttons-is-layout-flex\">\n<div class=\"wp-block-button has-custom-font-size is-style-outline has-small-font-size is-style-outline--1\"><a class=\"wp-block-button__link\" href=\"https:\/\/progepe.ufpr.br\/portarias\/wp-content\/uploads\/pcp\/PRHAE\/2003\/2056PR.pdf\" style=\"border-radius:0px\" target=\"_blank\" rel=\"noreferrer noopener\">Acesse o arquivo da portaria<\/a><\/div><\/div>\n","protected":false},"excerpt":{"rendered":"<p>Designa\u00e1r comiss\u00e3o para 2a an\u00e1lise \u20ace apresenta\u00e7\u00e3o de relat\u00f3rio que contenha altermnaattiivvas para decis\u00e3o do Plen\u00e1rio do CEPE a a ser realizado no dia 14,03.2003, dous processos n\u00ba 314423\/023-56 e 32855\/02-11., referentes a solicita\u00e7\u00e3o de expedi\u00e7\u00e3o de diploma de BFiblioctecc\u00e1\u00e1rriiaa.. Far\u00e3o parte da Comiss\u00e3o o0s5 seguintes membros: . &#8211; CYNTIA CRISTINA ZARUCH CALIXTO &#8211; 109983 representante do CEPE. &#8211; PALMIRA SEVEGNANI DE FREITAS &#8211; 156450 representante da PROGRAD. &#8211; LAURA SANCHEZ GARCIA &#8211; 154385 representante do Curso de Gest\u00e3o da Informa\u00e7\u00e3o. &#8211; DORA L\u00daCIA DE LIMA BERT\u00daLIO &#8211; 168564 representante da CPJ.  {&#8220;height&#8221;:&#8221;15px&#8221;} <\/p>\n<div style=\"height:15px\" aria-hidden=\"true\" class=\"wp-block-spacer\">\n","protected":false},"author":41,"featured_media":0,"comment_status":"closed","ping_status":"closed","sticky":false,"template":"wp-custom-template-emissao-entre-01-05-2004-ate-30-06-2017","format":"standard","meta":{"_acf_changed":false,"iawp_total_views":0,"footnotes":""},"categories":[232],"tags":[],"class_list":["post-241561","post","type-post","status-publish","format-standard","hentry","category-prhae"],"acf":[],"_links":{"self":[{"href":"https:\/\/progepe.ufpr.br\/portarias\/wp-json\/wp\/v2\/posts\/241561","targetHints":{"allow":["GET"]}}],"collection":[{"href":"https:\/\/progepe.ufpr.br\/portarias\/wp-json\/wp\/v2\/posts"}],"about":[{"href":"https:\/\/progepe.ufpr.br\/portarias\/wp-json\/wp\/v2\/types\/post"}],"author":[{"embeddable":true,"href":"https:\/\/progepe.ufpr.br\/portarias\/wp-json\/wp\/v2\/users\/41"}],"replies":[{"embeddable":true,"href":"https:\/\/progepe.ufpr.br\/portarias\/wp-json\/wp\/v2\/comments?post=241561"}],"version-history":[{"count":1,"href":"https:\/\/progepe.ufpr.br\/portarias\/wp-json\/wp\/v2\/posts\/241561\/revisions"}],"predecessor-version":[{"id":244145,"href":"https:\/\/progepe.ufpr.br\/portarias\/wp-json\/wp\/v2\/posts\/241561\/revisions\/244145"}],"wp:attachment":[{"href":"https:\/\/progepe.ufpr.br\/portarias\/wp-json\/wp\/v2\/media?parent=241561"}],"wp:term":[{"taxonomy":"category","embeddable":true,"href":"https:\/\/progepe.ufpr.br\/portarias\/wp-json\/wp\/v2\/categories?post=241561"},{"taxonomy":"post_tag","embeddable":true,"href":"https:\/\/progepe.ufpr.br\/portarias\/wp-json\/wp\/v2\/tags?post=241561"}],"curies":[{"name":"wp","href":"https:\/\/api.w.org\/{rel}","templated":true}]}}