{"id":241566,"date":"2003-03-13T10:14:00","date_gmt":"2003-03-13T13:14:00","guid":{"rendered":"http:\/\/progepe.ufpr.br\/portarias\/prhae-2003-02061\/"},"modified":"2023-09-05T09:32:39","modified_gmt":"2023-09-05T12:32:39","slug":"prhae-2003-02061","status":"publish","type":"post","link":"https:\/\/progepe.ufpr.br\/portarias\/prhae-2003-02061\/","title":{"rendered":"PORTARIA N\u00ba 02061\/PRHAE, DE 13 DE MAR\u00c7O DE 2003"},"content":{"rendered":"\n<p>O Pr\u00f3-Reitor ddee RReeccuurrssooss HEulmuamannooss ee A\u00c1ssuunnttooss EEssttuuddantis ddaa Unniivveerrssiiddaaddee FFeeddeerraall ddoo Paarraann\u00e1d,, vno usoo dse suas atribui\u00e7\u00f5es, tendo em vismtaa a\u00e0 ccoommppeett\u00ea\u00eanncciia qque llhhee &#038;\u00e9 ccoonnffeerriiddaa ppeellaa PPoortardiaa nn\u00ba 22..559500,, de 2266 ddee sseetieemmbbrroo ddee 11999977 e ccoonnssiiddeerraannddo 0o que ccoonnssta no aartigo 3\u00ba, incVV iddaa s LLeoeii nn\u00ba\u00ba 8.1.121\/910 2ee \/aai0innd\u00f50aa oo contoidon nto piro\u00e7cdessssooo nn\u00ba 6G2R1IS\/\/0C3&#8211;773,<\/p>\n\n\n<p><strong>RESOLVE:<\/strong><\/p>\n\n\n<p>Averbar, aa ppaarrttir ddee 220) ffeevveerreeiirroo ddee 20093, ppara finsa ddee aappoosseentadoria ee disponibhilidade,, oo tempo ddee servi\u00e7o pprreessttaaddo \u00e0 PFrreeffteitura MMunici\u00edpal dee Curri\u00edttiibbaa,, nnoo ppeer\u00edodo de 2Z6O..080.89.29 2 a 17.,12.,94, vno ttotal de 84422 ((oniittoocceennttooss ee quareonta ee dois) diass,, eem favorr da. sservidora VERONICA MASCARELLO &#8211; 129747, onceuuppaannttee ddoo ccargao ddee T\u00e9cnico eeum Enfferenrmgnem,m elgoteadma ,n o Hospide tCCla\u00ednilccaas s..<\/p><p><\/p>\n\n\n<div style=\"height:15px\" aria-hidden=\"true\" class=\"wp-block-spacer\"><\/div>\n\n\n<div class=\"wp-block-buttons is-content-justification-right is-layout-flex wp-container-core-buttons-is-layout-1 wp-block-buttons-is-layout-flex\">\n<div class=\"wp-block-button has-custom-font-size is-style-outline has-small-font-size is-style-outline--1\"><a class=\"wp-block-button__link\" href=\"https:\/\/progepe.ufpr.br\/portarias\/wp-content\/uploads\/pcp\/PRHAE\/2003\/2061PR.pdf\" style=\"border-radius:0px\" target=\"_blank\" rel=\"noreferrer noopener\">Acesse o arquivo da portaria<\/a><\/div><\/div>\n","protected":false},"excerpt":{"rendered":"<p>Averbar, aa ppaarrttir ddee 220) ffeevveerreeiirroo ddee 20093, ppara finsa ddee aappoosseentadoria ee disponibhilidade,, oo tempo ddee servi\u00e7o pprreessttaaddo \u00e0 PFrreeffteitura MMunici\u00edpal dee Curri\u00edttiibbaa,, nnoo ppeer\u00edodo de 2Z6O..080.89.29 2 a 17.,12.,94, vno ttotal de 84422 ((oniittoocceennttooss ee quareonta ee dois) diass,, eem favorr da. sservidora VERONICA MASCARELLO &#8211; 129747, onceuuppaannttee ddoo ccargao ddee T\u00e9cnico eeum Enfferenrmgnem,m elgoteadma ,n o Hospide tCCla\u00ednilccaas s..  {&#8220;height&#8221;:&#8221;15px&#8221;} <\/p>\n<div style=\"height:15px\" aria-hidden=\"true\" class=\"wp-block-spacer\"> <!-- \/wp:spacer  {\"layout\":{\"type\":\"flex\",\"justifyContent\":\"right\"}} \n\n<div class=\"wp-block-buttons\"><!-- wp:button {\"style\":{\"border\":{\"radius\":\"0px\"}},\"className\":\"is-style-outline\",\"fontSize\":\"small\"} \n\n<div class=\"wp-block-button has-custom-font-size is-style-outline has-small-font-size\"><a class=\"wp-block-button__link\" href=\"https:\/\/progepe.ufpr.br\/portarias\/wp-content\/uploads\/pcp\/PRHAE\/2003\/2061PR.pdf\" styl\n<\/p>\n","protected":false},"author":41,"featured_media":0,"comment_status":"closed","ping_status":"closed","sticky":false,"template":"wp-custom-template-emissao-entre-01-05-2004-ate-30-06-2017","format":"standard","meta":{"_acf_changed":false,"iawp_total_views":0,"footnotes":""},"categories":[232],"tags":[],"class_list":["post-241566","post","type-post","status-publish","format-standard","hentry","category-prhae"],"acf":[],"_links":{"self":[{"href":"https:\/\/progepe.ufpr.br\/portarias\/wp-json\/wp\/v2\/posts\/241566","targetHints":{"allow":["GET"]}}],"collection":[{"href":"https:\/\/progepe.ufpr.br\/portarias\/wp-json\/wp\/v2\/posts"}],"about":[{"href":"https:\/\/progepe.ufpr.br\/portarias\/wp-json\/wp\/v2\/types\/post"}],"author":[{"embeddable":true,"href":"https:\/\/progepe.ufpr.br\/portarias\/wp-json\/wp\/v2\/users\/41"}],"replies":[{"embeddable":true,"href":"https:\/\/progepe.ufpr.br\/portarias\/wp-json\/wp\/v2\/comments?post=241566"}],"version-history":[{"count":1,"href":"https:\/\/progepe.ufpr.br\/portarias\/wp-json\/wp\/v2\/posts\/241566\/revisions"}],"predecessor-version":[{"id":244150,"href":"https:\/\/progepe.ufpr.br\/portarias\/wp-json\/wp\/v2\/posts\/241566\/revisions\/244150"}],"wp:attachment":[{"href":"https:\/\/progepe.ufpr.br\/portarias\/wp-json\/wp\/v2\/media?parent=241566"}],"wp:term":[{"taxonomy":"category","embeddable":true,"href":"https:\/\/progepe.ufpr.br\/portarias\/wp-json\/wp\/v2\/categories?post=241566"},{"taxonomy":"post_tag","embeddable":true,"href":"https:\/\/progepe.ufpr.br\/portarias\/wp-json\/wp\/v2\/tags?post=241566"}],"curies":[{"name":"wp","href":"https:\/\/api.w.org\/{rel}","templated":true}]}}