{"id":241568,"date":"2003-03-13T10:16:00","date_gmt":"2003-03-13T13:16:00","guid":{"rendered":"http:\/\/progepe.ufpr.br\/portarias\/prhae-2003-02063\/"},"modified":"2023-09-05T09:32:39","modified_gmt":"2023-09-05T12:32:39","slug":"prhae-2003-02063","status":"publish","type":"post","link":"https:\/\/progepe.ufpr.br\/portarias\/prhae-2003-02063\/","title":{"rendered":"PORTARIA N\u00ba 02063\/PRHAE, DE 13 DE MAR\u00c7O DE 2003"},"content":{"rendered":"\n<p>O Pr\u00f3-Reitor ddee REeeccuursos EHluummaannooss e\u20ac AAssssuunnttooss EEssttuodantis da UUnniivveerrssiiddaaddee FFederal ddoo PFaaran\u00e1, no uuso de suas atribui\u00e7\u00f5es, tlendo em vviisstiaa &#038;a ccoommppeett\u00ea\u00eanncciiaa que lhhee \u00c9\u00c9 ccoonnffeerida ppeela PPoorrttaardia n\u00ba 2l.59m0, ade m26 dae smetembro mde l199m7 e comnsidmeramndo oo que WconMsta mno mart igo 3\u00ba, iixnkiissoo Y daa LLeeii nn\u00ba 8B.112\/90 e aziinnda 0o ccontido no processo n\u00ba D21I4\/\/0-3-3366,,<\/p>\n\n\n<p><strong>RESOLVE:<\/strong><\/p>\n\n\n<p>Avevsbaer,r \u00e0&#038; b partir ,de 21 fevereiroo ddee 2003, para ffiinns dde aposeennttaadodroirai a ee disponibilida\u00e1de, oo termpo de sseerrvvii\u00e7\u00e7oo pprreessttaado \u00e0 SSeeccrneettaarriia de EEssttado ddaa Educa\u00e7\u00e3o, ns\u00f3\u00f3 pperrf\u00f3\u00eddoo dode 0D44..0088.,7755 aa 229.02.76, no total ddee 221100 (duzentos \u00e9e dez)) ddiiaass:: SSeeccrreettaaria ddee Estadoo ddaa Educa\u00e7\u00e3o, nno pers\u00edooddoo 009,909.,760 9\u00e0a .23.7096.,76 , nnoo ttotoalt ade l1 55 (quinze) dias; Secretarriiaa ddee EEssttado ddaa EEducca\u00e7a\u00e3\u00e7o\u00e3, o,nno pper\u00edendor ddiee o0O1L.d06.o77 a&#038; 0077..0077.77, no ttootalt ade l33 77 q(tQeunei tssaoeette e)t) adiiaa ss;; Secerectarrieade t EEastdtadaoad o d a Educa\u00e7\u00e3o, no ppeerr\u00edfooddo de 223.07.77 aa 1122..0099:.7F7, no total dee 5533 ((cciinngqiueennttaa ce ttrr\u00ea\u00eass)) dias; SSecnrteattaria de Estadoo ddaa Edxutca\u00e7\u00e3o, no peri\u00edodo de 30.09.7722 aa 185.11.77, no totoalt ade l4 7 (quarene\u00e9 tseaettee )) diasae , Secrde eEEssittaaddoao ddraa EEidducaa\u00e7\u00e3 o, nno0 per\u00edodo ddee 0011,.0035,.758 aa 3311..03.80, nnoo totoal tddeae l7766 22 (seeseceenntotso se e ascessenta e\u20ac doiiss)) ddiiaass,, eemm ffaavvoorr ddoo PPrrooffeessssoorr CLAUDIO HENRIQUE LEPIENSKI &#8211; 74587, cclasse Asdljjunto, lloottaaddoo nnoo Departtamento ddee FF\u00edisxiiccaa ddoo Setor de CCll\u00ea\u00eanncciiaass EExxattias.<\/p><p><\/p>\n\n\n<div style=\"height:15px\" aria-hidden=\"true\" class=\"wp-block-spacer\"><\/div>\n\n\n<div class=\"wp-block-buttons is-content-justification-right is-layout-flex wp-container-core-buttons-is-layout-1 wp-block-buttons-is-layout-flex\">\n<div class=\"wp-block-button has-custom-font-size is-style-outline has-small-font-size is-style-outline--1\"><a class=\"wp-block-button__link\" href=\"https:\/\/progepe.ufpr.br\/portarias\/wp-content\/uploads\/pcp\/PRHAE\/2003\/2063PR.pdf\" style=\"border-radius:0px\" target=\"_blank\" rel=\"noreferrer noopener\">Acesse o arquivo da portaria<\/a><\/div><\/div>\n","protected":false},"excerpt":{"rendered":"<p>Avevsbaer,r \u00e0&#038; b partir ,de 21 fevereiroo ddee 2003, para ffiinns dde aposeennttaadodroirai a ee disponibilida\u00e1de, oo termpo de sseerrvvii\u00e7\u00e7oo pprreessttaado \u00e0 SSeeccrneettaarriia de EEssttado ddaa Educa\u00e7\u00e3o, ns\u00f3\u00f3 pperrf\u00f3\u00eddoo dode 0D44..0088.,7755 aa 229.02.76, no total ddee 221100 (duzentos \u00e9e dez)) ddiiaass:: SSeeccrreettaaria ddee Estadoo ddaa Educa\u00e7\u00e3o, nno pers\u00edooddoo 009,909.,760 9\u00e0a .23.7096.,76 , nnoo ttotoalt ade l1 55 (quinze) dias; Secretarriiaa ddee EEssttado ddaa EEducca\u00e7a\u00e3\u00e7o\u00e3, o,nno pper\u00edendor ddiee o0O1L.d06.o77 a&#038; 0077..0077.77, no ttootalt ade l33 77 q(tQeunei tssaoeette e)t) adiiaa ss;; Secerectarrieade t EEastdtadaoad o d a Educa\u00e7\u00e3o, no ppeerr\u00edfooddo de 223.07.77 aa 1122..0099:.7F7, no total dee 5533 ((cciinngqiueennttaa<\/p>\n","protected":false},"author":41,"featured_media":0,"comment_status":"closed","ping_status":"closed","sticky":false,"template":"wp-custom-template-emissao-entre-01-05-2004-ate-30-06-2017","format":"standard","meta":{"_acf_changed":false,"iawp_total_views":0,"footnotes":""},"categories":[232],"tags":[],"class_list":["post-241568","post","type-post","status-publish","format-standard","hentry","category-prhae"],"acf":[],"_links":{"self":[{"href":"https:\/\/progepe.ufpr.br\/portarias\/wp-json\/wp\/v2\/posts\/241568","targetHints":{"allow":["GET"]}}],"collection":[{"href":"https:\/\/progepe.ufpr.br\/portarias\/wp-json\/wp\/v2\/posts"}],"about":[{"href":"https:\/\/progepe.ufpr.br\/portarias\/wp-json\/wp\/v2\/types\/post"}],"author":[{"embeddable":true,"href":"https:\/\/progepe.ufpr.br\/portarias\/wp-json\/wp\/v2\/users\/41"}],"replies":[{"embeddable":true,"href":"https:\/\/progepe.ufpr.br\/portarias\/wp-json\/wp\/v2\/comments?post=241568"}],"version-history":[{"count":1,"href":"https:\/\/progepe.ufpr.br\/portarias\/wp-json\/wp\/v2\/posts\/241568\/revisions"}],"predecessor-version":[{"id":244152,"href":"https:\/\/progepe.ufpr.br\/portarias\/wp-json\/wp\/v2\/posts\/241568\/revisions\/244152"}],"wp:attachment":[{"href":"https:\/\/progepe.ufpr.br\/portarias\/wp-json\/wp\/v2\/media?parent=241568"}],"wp:term":[{"taxonomy":"category","embeddable":true,"href":"https:\/\/progepe.ufpr.br\/portarias\/wp-json\/wp\/v2\/categories?post=241568"},{"taxonomy":"post_tag","embeddable":true,"href":"https:\/\/progepe.ufpr.br\/portarias\/wp-json\/wp\/v2\/tags?post=241568"}],"curies":[{"name":"wp","href":"https:\/\/api.w.org\/{rel}","templated":true}]}}