{"id":241590,"date":"2003-03-17T10:15:00","date_gmt":"2003-03-17T13:15:00","guid":{"rendered":"http:\/\/progepe.ufpr.br\/portarias\/prhae-2003-02087\/"},"modified":"2023-09-05T09:32:40","modified_gmt":"2023-09-05T12:32:40","slug":"prhae-2003-02087","status":"publish","type":"post","link":"https:\/\/progepe.ufpr.br\/portarias\/prhae-2003-02087\/","title":{"rendered":"PORTARIA N\u00ba 02087\/PRHAE, DE 17 DE MAR\u00c7O DE 2003"},"content":{"rendered":"\n<p>O Pr\u00f3-Reitor de Recounrsos FIhaumnnvaannos e Assuntos EFssttuudoadnatntiiss da Universidade Federal ddoo PPaarraann\u00e1d,, no us0o de sSuas amiibbuuii\u00e7\u00e7\u00f5\u00f5es, tendo eemm vvista aa ccoommppet\u00eancia que llhhe \u00e9\u00e9 ccoonferidas pela PPoorrttaaria nn\u00ba 2.,590, de 26 de sseetteemmbro de 1997, ccaonnssiiddeerraannddoo o que consta nnoo artigo 1166,, inc\u00e7isoo IE ddoo Decreto nn\u00ba\u00ba 9S4,66544\/\/887, aenttiiggoo 1111 ddaa PPoorrttaarriiaa nn\u00ba\u00ba 447753\/87 -MMEECC ee aainda o ccontido no prroocceessssoo n\u00ba XS3I5S5I8S\/\/0022&#8211;7T66,,<\/p>\n\n\n<p><strong>RESOLVE:<\/strong><\/p>\n\n\n<p>Conceder p prrooggrreessss\u00e3o founcional \u00e0 FProffeessssora ROSECLER VENDRUSCOLO &#8211; 157570, lionttaaddaa nnoo Departamento ddee Eduuccaa\u00e7\u00e7\u00e3\u00e3oo FF\u00ed\u00edssiiccaa ddoo SSeettoorr ddee Ci\u00eancia:s BEiol\u00f3gicas, ddoo nn\u00ed\u00edvveell IE E para oo n\u00edivell HIII ddaa ccllaassse AAssssiisstente, aa parstir ddee 12 ddee ddezresmibbrro ddee 2002, tendo emm vviisstta tteerr obtido 21111,,9977 ((dduuzreenstos cc onzse pontos ee noventa e&#038; s3eelbee cceenntt\u00e9\u00e9ssiimmooss)) na avaldie ades\u00e7em\u00e3penoho .<\/p><p> EE mepp<\/p><p><\/p>\n\n\n<div style=\"height:15px\" aria-hidden=\"true\" class=\"wp-block-spacer\"><\/div>\n\n\n<div class=\"wp-block-buttons is-content-justification-right is-layout-flex wp-container-core-buttons-is-layout-1 wp-block-buttons-is-layout-flex\">\n<div class=\"wp-block-button has-custom-font-size is-style-outline has-small-font-size is-style-outline--1\"><a class=\"wp-block-button__link\" href=\"https:\/\/progepe.ufpr.br\/portarias\/wp-content\/uploads\/pcp\/PRHAE\/2003\/2087PR.pdf\" style=\"border-radius:0px\" target=\"_blank\" rel=\"noreferrer noopener\">Acesse o arquivo da portaria<\/a><\/div><\/div>\n","protected":false},"excerpt":{"rendered":"<p>Conceder p prrooggrreessss\u00e3o founcional \u00e0 FProffeessssora ROSECLER VENDRUSCOLO &#8211; 157570, lionttaaddaa nnoo Departamento ddee Eduuccaa\u00e7\u00e7\u00e3\u00e3oo FF\u00ed\u00edssiiccaa ddoo SSeettoorr ddee Ci\u00eancia:s BEiol\u00f3gicas, ddoo nn\u00ed\u00edvveell IE E para oo n\u00edivell HIII ddaa ccllaassse AAssssiisstente, aa parstir ddee 12 ddee ddezresmibbrro ddee 2002, tendo emm vviisstta tteerr obtido 21111,,9977 ((dduuzreenstos cc onzse pontos ee noventa e&#038; s3eelbee cceenntt\u00e9\u00e9ssiimmooss)) na avaldie ades\u00e7em\u00e3penoho . EE mepp  {&#8220;height&#8221;:&#8221;15px&#8221;} <\/p>\n<div style=\"height:15px\" aria-hidden=\"true\" class=\"wp-block-spacer\"> <!-- \/wp:spacer  {\"layout\":{\"type\":\"flex\",\"justifyContent\":\"right\"}} \n\n<div class=\"wp-block-buttons\"><!-- wp:button {\"style\":{\"border\":{\"radius\":\"0px\"}},\"className\":\"is-style-outline\",\"fontSize\":\"small\"} \n\n<div class=\"wp-block-button has-custom-font-size is-style-outline has-small-font-size\"><a class=\"wp-block-button__link\" href=\"https:\/\/progepe.ufpr.br\/portarias\/wp-content\/uploads\/pcp\/PRHAE\/2003\/2087PR.pdf\" style=\"border-radius\n<\/p>\n","protected":false},"author":41,"featured_media":0,"comment_status":"closed","ping_status":"closed","sticky":false,"template":"wp-custom-template-emissao-entre-01-05-2004-ate-30-06-2017","format":"standard","meta":{"_acf_changed":false,"iawp_total_views":0,"footnotes":""},"categories":[232],"tags":[],"class_list":["post-241590","post","type-post","status-publish","format-standard","hentry","category-prhae"],"acf":[],"_links":{"self":[{"href":"https:\/\/progepe.ufpr.br\/portarias\/wp-json\/wp\/v2\/posts\/241590","targetHints":{"allow":["GET"]}}],"collection":[{"href":"https:\/\/progepe.ufpr.br\/portarias\/wp-json\/wp\/v2\/posts"}],"about":[{"href":"https:\/\/progepe.ufpr.br\/portarias\/wp-json\/wp\/v2\/types\/post"}],"author":[{"embeddable":true,"href":"https:\/\/progepe.ufpr.br\/portarias\/wp-json\/wp\/v2\/users\/41"}],"replies":[{"embeddable":true,"href":"https:\/\/progepe.ufpr.br\/portarias\/wp-json\/wp\/v2\/comments?post=241590"}],"version-history":[{"count":1,"href":"https:\/\/progepe.ufpr.br\/portarias\/wp-json\/wp\/v2\/posts\/241590\/revisions"}],"predecessor-version":[{"id":244175,"href":"https:\/\/progepe.ufpr.br\/portarias\/wp-json\/wp\/v2\/posts\/241590\/revisions\/244175"}],"wp:attachment":[{"href":"https:\/\/progepe.ufpr.br\/portarias\/wp-json\/wp\/v2\/media?parent=241590"}],"wp:term":[{"taxonomy":"category","embeddable":true,"href":"https:\/\/progepe.ufpr.br\/portarias\/wp-json\/wp\/v2\/categories?post=241590"},{"taxonomy":"post_tag","embeddable":true,"href":"https:\/\/progepe.ufpr.br\/portarias\/wp-json\/wp\/v2\/tags?post=241590"}],"curies":[{"name":"wp","href":"https:\/\/api.w.org\/{rel}","templated":true}]}}