{"id":241592,"date":"2003-03-17T10:17:00","date_gmt":"2003-03-17T13:17:00","guid":{"rendered":"http:\/\/progepe.ufpr.br\/portarias\/prhae-2003-02089\/"},"modified":"2023-09-05T09:32:40","modified_gmt":"2023-09-05T12:32:40","slug":"prhae-2003-02089","status":"publish","type":"post","link":"https:\/\/progepe.ufpr.br\/portarias\/prhae-2003-02089\/","title":{"rendered":"PORTARIA N\u00ba 02089\/PRHAE, DE 17 DE MAR\u00c7O DE 2003"},"content":{"rendered":"\n<p>O Pr\u00f3-Reitor de Recursos Humaannoos ee A\u00c1ssuntos Estudantis ddaa Universidade Federal ddoo PPaarraann\u00e1d,, nnoo nn\u00e3so6 ddee amuas amtiribbuuii\u00e7\u00e7\u00f5\u00f5eess, tendo em viissta aa ccoommppet\u00eancia que lhe \u00e9\u00e9 ccoonnffeerida ppeebllaa PPoorrttaarrilaa nn\u00ba\u00ba 2.,590, ddee 2266 ddee setembrroo ddee 11999977,, ccoonnssiderando o&#038; que cconostna sn1o5 taratig oo 11665,, iinncciissoo 1T do Decremto nn\u00ba\u00ba 9S44 ,666644\/\/87, artigo 1111 ddaa Poorrtaria nn\u00ba\u00ba 475\/87-MEC ee aai\u00edninddaa oo ccoonnttido nno prroocceessssoo n\u00ba SI3SL1I\/O0L2I-A3A1,<\/p>\n\n\n<p><strong>RESOLVE:<\/strong><\/p>\n\n\n<p>CUonceder propgrreessss\u00e3o funcional \u00e0\u00e0 Professora LIGIA LEINDORF BARTZ KRAEMER &#8212; 101591, lloottaaddaa nnoo Departamento ddee CCii\u00ea\u00eanncciiaa ee Gest\u00e3o ddaa Informa\u00e7\u00e7\u00e3\u00e3oo ddoo Setor ddee CCii\u00ea\u00eanncciiaass SSoocciiaaiiss AApplliiccaaddaass,, ddoo nn\u00ed\u00edvveell 11 ppaarraa oo inrf\u00edvveell ITTT ddaa ccliaasssee AAssssiisstteennttee,, aa ppaarrttiirr ddee 0033 ddee deezemzbreo mdbe r220o00022 ,, tendo eemm vviissttaa teerr oobbttiiddoo 25933 (duzentos ee noventa ee ttrr\u00ea\u00eass)) ppoonnttoos na avalddise addeess\u00e7eerm\u00e3peonho ,<\/p><p><\/p>\n\n\n<div style=\"height:15px\" aria-hidden=\"true\" class=\"wp-block-spacer\"><\/div>\n\n\n<div class=\"wp-block-buttons is-content-justification-right is-layout-flex wp-container-core-buttons-is-layout-1 wp-block-buttons-is-layout-flex\">\n<div class=\"wp-block-button has-custom-font-size is-style-outline has-small-font-size is-style-outline--1\"><a class=\"wp-block-button__link\" href=\"https:\/\/progepe.ufpr.br\/portarias\/wp-content\/uploads\/pcp\/PRHAE\/2003\/2089PR.pdf\" style=\"border-radius:0px\" target=\"_blank\" rel=\"noreferrer noopener\">Acesse o arquivo da portaria<\/a><\/div><\/div>\n","protected":false},"excerpt":{"rendered":"<p>CUonceder propgrreessss\u00e3o funcional \u00e0\u00e0 Professora LIGIA LEINDORF BARTZ KRAEMER &#8212; 101591, lloottaaddaa nnoo Departamento ddee CCii\u00ea\u00eanncciiaa ee Gest\u00e3o ddaa Informa\u00e7\u00e7\u00e3\u00e3oo ddoo Setor ddee CCii\u00ea\u00eanncciiaass SSoocciiaaiiss AApplliiccaaddaass,, ddoo nn\u00ed\u00edvveell 11 ppaarraa oo inrf\u00edvveell ITTT ddaa ccliaasssee AAssssiisstteennttee,, aa ppaarrttiirr ddee 0033 ddee deezemzbreo mdbe r220o00022 ,, tendo eemm vviissttaa teerr oobbttiiddoo 25933 (duzentos ee noventa ee ttrr\u00ea\u00eass)) ppoonnttoos na avalddise addeess\u00e7eerm\u00e3peonho ,  {&#8220;height&#8221;:&#8221;15px&#8221;} <\/p>\n<div style=\"height:15px\" aria-hidden=\"true\" class=\"wp-block-spacer\"> <!-- \/wp:spacer  {\"layout\":{\"type\":\"flex\",\"justifyContent\":\"right\"}} \n\n<div class=\"wp-block-buttons\"><!-- wp:button {\"style\":{\"border\":{\"radius\":\"0px\"}},\"className\":\"is-style-outline\",\"fontSize\":\"small\"} \n\n<div class=\"wp-block-button has-custom-font-size is-style-outline has-small-font-size\"><a class=\"wp-block-button__link\" href=\"https:\/\/progepe.ufpr.br\/portarias\/wp-content\/uploads\/pcp\/PRHAE\/2\n<\/p>\n","protected":false},"author":41,"featured_media":0,"comment_status":"closed","ping_status":"closed","sticky":false,"template":"wp-custom-template-emissao-entre-01-05-2004-ate-30-06-2017","format":"standard","meta":{"_acf_changed":false,"iawp_total_views":0,"footnotes":""},"categories":[232],"tags":[],"class_list":["post-241592","post","type-post","status-publish","format-standard","hentry","category-prhae"],"acf":[],"_links":{"self":[{"href":"https:\/\/progepe.ufpr.br\/portarias\/wp-json\/wp\/v2\/posts\/241592","targetHints":{"allow":["GET"]}}],"collection":[{"href":"https:\/\/progepe.ufpr.br\/portarias\/wp-json\/wp\/v2\/posts"}],"about":[{"href":"https:\/\/progepe.ufpr.br\/portarias\/wp-json\/wp\/v2\/types\/post"}],"author":[{"embeddable":true,"href":"https:\/\/progepe.ufpr.br\/portarias\/wp-json\/wp\/v2\/users\/41"}],"replies":[{"embeddable":true,"href":"https:\/\/progepe.ufpr.br\/portarias\/wp-json\/wp\/v2\/comments?post=241592"}],"version-history":[{"count":1,"href":"https:\/\/progepe.ufpr.br\/portarias\/wp-json\/wp\/v2\/posts\/241592\/revisions"}],"predecessor-version":[{"id":244177,"href":"https:\/\/progepe.ufpr.br\/portarias\/wp-json\/wp\/v2\/posts\/241592\/revisions\/244177"}],"wp:attachment":[{"href":"https:\/\/progepe.ufpr.br\/portarias\/wp-json\/wp\/v2\/media?parent=241592"}],"wp:term":[{"taxonomy":"category","embeddable":true,"href":"https:\/\/progepe.ufpr.br\/portarias\/wp-json\/wp\/v2\/categories?post=241592"},{"taxonomy":"post_tag","embeddable":true,"href":"https:\/\/progepe.ufpr.br\/portarias\/wp-json\/wp\/v2\/tags?post=241592"}],"curies":[{"name":"wp","href":"https:\/\/api.w.org\/{rel}","templated":true}]}}