{"id":241673,"date":"2003-04-23T10:00:00","date_gmt":"2003-04-23T13:00:00","guid":{"rendered":"http:\/\/progepe.ufpr.br\/portarias\/prhae-2003-02287\/"},"modified":"2003-04-23T10:00:00","modified_gmt":"2003-04-23T13:00:00","slug":"prhae-2003-02287","status":"publish","type":"post","link":"https:\/\/progepe.ufpr.br\/portarias\/prhae-2003-02287\/","title":{"rendered":"PORTARIA N\u00ba 02287\/PRHAE, DE 23 DE ABRIL DE 2003"},"content":{"rendered":"\n<p>O Pr\u00f3-Reitor de Recursos Humanos e Assuntos Estudantis da Universidade Federal do Paran\u00e1, no uso de suaass at\u00e1rtirbiub\u00e1u\u00e7i\u00e7\u00f5\u00f5eess,, tleIennddoo eemm vviissta \u00e0 ccoompet\u00eancia que lhe \u00e9\u00e9 ccoonnffeerrida pellaa FPorotariat ann\u00ba\u00bar 2i3..55a990 , ddee 26 de setletmbermob rdoee 119997, ccoonsiddeerranadnod o oo quQuee coonsntas tnaas Leis nn\u00ba\u00ba 8B.74e5e 9\/9.,8894499\/3\/909 , e2 ddee acocrdo rccdomo as Resolu\u00e7\u00f5es n\u00ba 732\/91-CEP, 31\/095-CERP e 2H6V\/996C-CEEFPEE e airnda o contido no processo n\u00ba 4258\/03-\u00ab13,<\/p>\n\n\n<p><strong>RESOLVE:<\/strong><\/p>\n\n\n<p>CCoontvratarr ADRIANA VAZ, ocomo PFrofessor Subst\u00editiuto, com sali\u00e1no cornreess\u00e0\u00e0 p ccpllaaossssoee ndndee dPdrooeffeeessssnoorr tAuxeiliia arr,, n\u00edvel |1, nnoo regime ddee turaabbalho de 2200 ((vvimnte) hboras sema\u00e1nnaaiis, para o Departaammeento de Dessenehnoh odo Setor de Ci\u00eancias Exatas, \u00e0a partir da assinatura do contratiou, at\u00e9 15 de dezembro de 2003, una vaga decorrente do afastamento de Adriana Augusita Benigno dos Santos Luz,.<\/p><p> mepp<\/p><p><\/p>\n\n\n<div style=\"height:15px\" aria-hidden=\"true\" class=\"wp-block-spacer\"><\/div>\n\n\n<div class=\"wp-block-buttons is-content-justification-right is-layout-flex wp-container-core-buttons-is-layout-1 wp-block-buttons-is-layout-flex\">\n<div class=\"wp-block-button has-custom-font-size is-style-outline has-small-font-size is-style-outline--1\"><a class=\"wp-block-button__link\" href=\"https:\/\/progepe.ufpr.br\/portarias\/wp-content\/uploads\/pcp\/PRHAE\/2003\/2287PR.pdf\" style=\"border-radius:0px\" target=\"_blank\" rel=\"noreferrer noopener\">Acesse o arquivo da portaria<\/a><\/div><\/div>\n","protected":false},"excerpt":{"rendered":"<p>CCoontvratarr ADRIANA VAZ, ocomo PFrofessor Subst\u00editiuto, com sali\u00e1no cornreess\u00e0\u00e0 p ccpllaaossssoee ndndee dPdrooeffeeessssnoorr tAuxeiliia arr,, n\u00edvel |1, nnoo regime ddee turaabbalho de 2200 ((vvimnte) hboras sema\u00e1nnaaiis, para o Departaammeento de Dessenehnoh odo Setor de Ci\u00eancias Exatas, \u00e0a partir da assinatura do contratiou, at\u00e9 15 de dezembro de 2003, una vaga decorrente do afastamento de Adriana Augusita Benigno dos Santos Luz,. mepp  {&#8220;height&#8221;:&#8221;15px&#8221;} <\/p>\n<div style=\"height:15px\" aria-hidden=\"true\" class=\"wp-block-spacer\"> <!-- \/wp:spacer  {\"layout\":{\"type\":\"flex\",\"justifyContent\":\"right\"}} \n\n<div class=\"wp-block-buttons\"><!-- wp:button {\"style\":{\"border\":{\"radius\":\"0px\"}},\"className\":\"is-style-outline\",\"fontSize\":\"small\"} \n\n<div class=\"wp-block-button has-custom-font-size is-style-outline has-small-font-size\"><a class=\"wp-block-button__link\" href=\"https:\/\/progepe.ufpr.br\/portarias\/wp-content\/uploads\/pcp\/PRHAE\/2003\/2287PR.pdf\" style=\"border-radius:0px\" target=\"_blank\" rel=\"noreferrer\n<\/p>\n","protected":false},"author":41,"featured_media":0,"comment_status":"closed","ping_status":"closed","sticky":false,"template":"wp-custom-template-emissao-entre-01-05-2004-ate-30-06-2017","format":"standard","meta":{"_acf_changed":false,"iawp_total_views":1,"footnotes":""},"categories":[232],"tags":[],"class_list":["post-241673","post","type-post","status-publish","format-standard","hentry","category-prhae"],"acf":[],"_links":{"self":[{"href":"https:\/\/progepe.ufpr.br\/portarias\/wp-json\/wp\/v2\/posts\/241673","targetHints":{"allow":["GET"]}}],"collection":[{"href":"https:\/\/progepe.ufpr.br\/portarias\/wp-json\/wp\/v2\/posts"}],"about":[{"href":"https:\/\/progepe.ufpr.br\/portarias\/wp-json\/wp\/v2\/types\/post"}],"author":[{"embeddable":true,"href":"https:\/\/progepe.ufpr.br\/portarias\/wp-json\/wp\/v2\/users\/41"}],"replies":[{"embeddable":true,"href":"https:\/\/progepe.ufpr.br\/portarias\/wp-json\/wp\/v2\/comments?post=241673"}],"version-history":[{"count":0,"href":"https:\/\/progepe.ufpr.br\/portarias\/wp-json\/wp\/v2\/posts\/241673\/revisions"}],"wp:attachment":[{"href":"https:\/\/progepe.ufpr.br\/portarias\/wp-json\/wp\/v2\/media?parent=241673"}],"wp:term":[{"taxonomy":"category","embeddable":true,"href":"https:\/\/progepe.ufpr.br\/portarias\/wp-json\/wp\/v2\/categories?post=241673"},{"taxonomy":"post_tag","embeddable":true,"href":"https:\/\/progepe.ufpr.br\/portarias\/wp-json\/wp\/v2\/tags?post=241673"}],"curies":[{"name":"wp","href":"https:\/\/api.w.org\/{rel}","templated":true}]}}