{"id":241680,"date":"2003-04-25T10:00:00","date_gmt":"2003-04-25T13:00:00","guid":{"rendered":"http:\/\/progepe.ufpr.br\/portarias\/prhae-2003-02294\/"},"modified":"2024-03-01T16:22:34","modified_gmt":"2024-03-01T19:22:34","slug":"prhae-2003-02294","status":"publish","type":"post","link":"https:\/\/progepe.ufpr.br\/portarias\/prhae-2003-02294\/","title":{"rendered":"PORTARIA N\u00ba 02294\/PRHAE, DE 25 DE ABRIL DE 2003"},"content":{"rendered":"\n<p style=\"padding-left:43%\">O Pr\u00f3-Reitor de Recursos Humanos e Assuntos Estudantis da Universidade Federal do Paran\u00e1, no uso de suas atribui\u00e7\u00f5es, tendo em vista a compet\u00eancia que lhe \u00e9 conferida pela Portaria n\u00ba 2.590, de 26 de setembro de 1997 e considerando o que consta no processo n\u00ba 8679\/03-13,<\/p>\n\n\n\n<p style=\"padding-left:43%\"><strong>RESOLVE:<\/strong><\/p>\n\n\n\n<p>Autorizar o afastamento do Professor BENITO MARTINEZ RODRIGUEZ &#8211; 125547, classe Adjunto, lotado no Departamento de Lingu\u00edstica, Letras Cl\u00e1ssicas e Vern\u00e1culas do Setor de Ci\u00eancias Humanas, Letras e Artes, para desenvolvimento de plano de pesquisa de aperfei\u00e7oamento com Literatura Brasileira, na Universidade Federal do Paran\u00e1, no per\u00edodo de 14 de abril de 2003 a 14 de setembro de 2003, com \u00f4nus limitado para esta Institui\u00e7\u00e3o.<\/p>\n","protected":false},"excerpt":{"rendered":"<p>Autorizar o afastamento do Professor BENITO MARTINEZ RODRIGUEZ &#8211; 125547, classe Adjunto, lotado no Departamento de Lingu\u00edstica, Letras Cl\u00e1ssicas e Vern\u00e1culas do Setor de Ci\u00eancias Humanas, Letras e Artes, para desenvolvimento de plano de pesquisa de aperfei\u00e7oamento com Literatura Brasileira, na Universidade Federal do Paran\u00e1, no per\u00edodo de 14 de abril de 2003 a 14 de setembro de 2003, com \u00f4nus limitado para esta Institui\u00e7\u00e3o.<\/p>\n","protected":false},"author":41,"featured_media":0,"comment_status":"closed","ping_status":"closed","sticky":false,"template":"","format":"standard","meta":{"_acf_changed":false,"iawp_total_views":0,"footnotes":""},"categories":[232],"tags":[123],"class_list":["post-241680","post","type-post","status-publish","format-standard","hentry","category-prhae","tag-afastamento-licenca"],"acf":[],"_links":{"self":[{"href":"https:\/\/progepe.ufpr.br\/portarias\/wp-json\/wp\/v2\/posts\/241680","targetHints":{"allow":["GET"]}}],"collection":[{"href":"https:\/\/progepe.ufpr.br\/portarias\/wp-json\/wp\/v2\/posts"}],"about":[{"href":"https:\/\/progepe.ufpr.br\/portarias\/wp-json\/wp\/v2\/types\/post"}],"author":[{"embeddable":true,"href":"https:\/\/progepe.ufpr.br\/portarias\/wp-json\/wp\/v2\/users\/41"}],"replies":[{"embeddable":true,"href":"https:\/\/progepe.ufpr.br\/portarias\/wp-json\/wp\/v2\/comments?post=241680"}],"version-history":[{"count":2,"href":"https:\/\/progepe.ufpr.br\/portarias\/wp-json\/wp\/v2\/posts\/241680\/revisions"}],"predecessor-version":[{"id":254841,"href":"https:\/\/progepe.ufpr.br\/portarias\/wp-json\/wp\/v2\/posts\/241680\/revisions\/254841"}],"wp:attachment":[{"href":"https:\/\/progepe.ufpr.br\/portarias\/wp-json\/wp\/v2\/media?parent=241680"}],"wp:term":[{"taxonomy":"category","embeddable":true,"href":"https:\/\/progepe.ufpr.br\/portarias\/wp-json\/wp\/v2\/categories?post=241680"},{"taxonomy":"post_tag","embeddable":true,"href":"https:\/\/progepe.ufpr.br\/portarias\/wp-json\/wp\/v2\/tags?post=241680"}],"curies":[{"name":"wp","href":"https:\/\/api.w.org\/{rel}","templated":true}]}}