{"id":241725,"date":"2003-05-05T10:02:00","date_gmt":"2003-05-05T13:02:00","guid":{"rendered":"http:\/\/progepe.ufpr.br\/portarias\/prhae-2003-02342\/"},"modified":"2023-09-05T09:32:49","modified_gmt":"2023-09-05T12:32:49","slug":"prhae-2003-02342","status":"publish","type":"post","link":"https:\/\/progepe.ufpr.br\/portarias\/prhae-2003-02342\/","title":{"rendered":"PORTARIA N\u00ba 02342\/PRHAE, DE 05 DE MAIO DE 2003"},"content":{"rendered":"\n<p>O Pr\u00f3-Reitor de Recursos HEluummaannoos e Assuntos Estudantis da Universidade Federal do FParan\u00e1, no uso de sSuas atribui\u00e7\u00f5es, tendo em vista aa compet\u00eancia que lhe \u00e9\u00e9 conferida pela Portarnia n\u00ba 2.590), de 26 de setembro de 19497, considerandeo oo que consta no artigo 9\u00ba, inciso 1 | da Lei n\u00ba 8.112\/90 ee de acordo com aa PFoorrttaarriiaa ddoo MEC nn\u00ba\u00ba 11,99779,, ddee O06.09..0011], publicada nnoo DOU ddee 109..090.09011 e\u00e9 aaiinnddaa oo ccoonnttiiddoo nnoo processo nn\u00ba\u00ba 16863\/03-L10,<\/p>\n\n\n<p><strong>RESOLVE:<\/strong><\/p>\n\n\n<p>l1.. Nomear eemm ccaarr\u00e1\u00e1tteerr eeffeettiivvoo, IVANA TRAMONTINA ROTTA, habilitada em conc\u00e7urso p\u00fablico de provas e t\u00edtulos, homeologado em 26,.12.02, para o cargo de PFrofessor dao Grupo Magist\u00e9rio Superior, classe Adjunto, n\u00edvel I1,, em regime de trtrraabbaallho de dedica\u00e7\u00e3o exclusiva, na \u00c1rea Morfologia: Mat\u00e9ria Espec\u00edfica: Citologia, Embriologia e Histologia, para o Coordena\u00e7\u00e3o do Curso de Medicina Veterin\u00e1ria do Camppuuss. Avan\u00e7ado do Munic\u00ednpio de PFalotina do : Setor de Ci\u00eancias Agr\u00e1rias, na vaga de c\u00f3digo n\u00ba 266420., .FI. Conceder acr\u00e9scimo salarial, de acordo com o o asrtigo 1\u00ba, &#038;$ 1[\u00ba, al\u00ednea *a da Lei n\u00ba 8.243\/91, a\u00e0 partir da daltiaa de exerc\u00edcio, tendo em vistia possuir ft\u00edtulo de Doutror em Ci\u00eancias, \u00e1\u00e1rreea ddee concentra\u00e7\u00e3o em Genn\u00e9\u00e9tticiac a e e Evolu\u00e7\u00e3o.<\/p><p><\/p>\n\n\n<div style=\"height:15px\" aria-hidden=\"true\" class=\"wp-block-spacer\"><\/div>\n\n\n<div class=\"wp-block-buttons is-content-justification-right is-layout-flex wp-container-core-buttons-is-layout-1 wp-block-buttons-is-layout-flex\">\n<div class=\"wp-block-button has-custom-font-size is-style-outline has-small-font-size is-style-outline--1\"><a class=\"wp-block-button__link\" href=\"https:\/\/progepe.ufpr.br\/portarias\/wp-content\/uploads\/pcp\/PRHAE\/2003\/2342PR.pdf\" style=\"border-radius:0px\" target=\"_blank\" rel=\"noreferrer noopener\">Acesse o arquivo da portaria<\/a><\/div><\/div>\n","protected":false},"excerpt":{"rendered":"<p>l1.. Nomear eemm ccaarr\u00e1\u00e1tteerr eeffeettiivvoo, IVANA TRAMONTINA ROTTA, habilitada em conc\u00e7urso p\u00fablico de provas e t\u00edtulos, homeologado em 26,.12.02, para o cargo de PFrofessor dao Grupo Magist\u00e9rio Superior, classe Adjunto, n\u00edvel I1,, em regime de trtrraabbaallho de dedica\u00e7\u00e3o exclusiva, na \u00c1rea Morfologia: Mat\u00e9ria Espec\u00edfica: Citologia, Embriologia e Histologia, para o Coordena\u00e7\u00e3o do Curso de Medicina Veterin\u00e1ria do Camppuuss. Avan\u00e7ado do Munic\u00ednpio de PFalotina do : Setor de Ci\u00eancias Agr\u00e1rias, na vaga de c\u00f3digo n\u00ba 266420., .FI. Conceder acr\u00e9scimo salarial, de acordo com o o asrtigo 1\u00ba, &#038;$ 1[\u00ba, al\u00ednea *a da Lei n\u00ba 8.243\/91, a\u00e0 partir da daltiaa<\/p>\n","protected":false},"author":41,"featured_media":0,"comment_status":"closed","ping_status":"closed","sticky":false,"template":"wp-custom-template-emissao-entre-01-05-2004-ate-30-06-2017","format":"standard","meta":{"_acf_changed":false,"iawp_total_views":1,"footnotes":""},"categories":[232],"tags":[],"class_list":["post-241725","post","type-post","status-publish","format-standard","hentry","category-prhae"],"acf":[],"_links":{"self":[{"href":"https:\/\/progepe.ufpr.br\/portarias\/wp-json\/wp\/v2\/posts\/241725","targetHints":{"allow":["GET"]}}],"collection":[{"href":"https:\/\/progepe.ufpr.br\/portarias\/wp-json\/wp\/v2\/posts"}],"about":[{"href":"https:\/\/progepe.ufpr.br\/portarias\/wp-json\/wp\/v2\/types\/post"}],"author":[{"embeddable":true,"href":"https:\/\/progepe.ufpr.br\/portarias\/wp-json\/wp\/v2\/users\/41"}],"replies":[{"embeddable":true,"href":"https:\/\/progepe.ufpr.br\/portarias\/wp-json\/wp\/v2\/comments?post=241725"}],"version-history":[{"count":1,"href":"https:\/\/progepe.ufpr.br\/portarias\/wp-json\/wp\/v2\/posts\/241725\/revisions"}],"predecessor-version":[{"id":244404,"href":"https:\/\/progepe.ufpr.br\/portarias\/wp-json\/wp\/v2\/posts\/241725\/revisions\/244404"}],"wp:attachment":[{"href":"https:\/\/progepe.ufpr.br\/portarias\/wp-json\/wp\/v2\/media?parent=241725"}],"wp:term":[{"taxonomy":"category","embeddable":true,"href":"https:\/\/progepe.ufpr.br\/portarias\/wp-json\/wp\/v2\/categories?post=241725"},{"taxonomy":"post_tag","embeddable":true,"href":"https:\/\/progepe.ufpr.br\/portarias\/wp-json\/wp\/v2\/tags?post=241725"}],"curies":[{"name":"wp","href":"https:\/\/api.w.org\/{rel}","templated":true}]}}