{"id":241802,"date":"2003-05-16T10:00:00","date_gmt":"2003-05-16T13:00:00","guid":{"rendered":"http:\/\/progepe.ufpr.br\/portarias\/prhae-2003-02432\/"},"modified":"2003-05-16T10:00:00","modified_gmt":"2003-05-16T13:00:00","slug":"prhae-2003-02432","status":"publish","type":"post","link":"https:\/\/progepe.ufpr.br\/portarias\/prhae-2003-02432\/","title":{"rendered":"PORTARIA N\u00ba 02432\/PRHAE, DE 16 DE MAIO DE 2003"},"content":{"rendered":"\n<p>O Pr\u00f3-Reitor de Recursos Humanoas e Assountos Estudantis da Universidade Federal do Paraannd\u00e1\u00e1, no uso de suas atribui\u00e7\u00f5es,. tendo em vista a compet\u00eancia que lhe \u00c9\u00e9 conferida pela Portaria n\u00ba 72 .5H90,, de 26 de setlembro de 1997, e considerando o que consstta no Ppprroocceesssso n\u00ba 1I5SL13M9 \/0030&#8211;888,<\/p>\n\n\n<p><strong>RESOLVE:<\/strong><\/p>\n\n\n<p>Retificar a a Portaria n\u00ba 2358\/PRHBAF, de D09 de maio de 2HJ0O0023, publicada no DOU de 13,.05.2003, se\u00e7\u00e3o 11,, p\u00e1g. 15, que nomeou em car\u00e1ter efetivo LUIZ AUGUSTO DA CRUZ MELEIRO, para 0o cargo de Prmoffeessssoor do Grupo Magist\u00e9rio Supertior, classe Adjunto, n\u00edvel 1, em regime de trabalho de dedica\u00e7\u00e3o exclusiva: .<\/p><p> Onde sce 1l\u00ea: &#8230; para o o Departamento de Qu\u00edmmiiccaa .. ..<\/p><p> L| eia-se: &#8230; paarra o o Departamento de Engseennhhaaria Qu\u00edimica &#8230; .<\/p><p><\/p>\n\n\n<div style=\"height:15px\" aria-hidden=\"true\" class=\"wp-block-spacer\"><\/div>\n\n\n<div class=\"wp-block-buttons is-content-justification-right is-layout-flex wp-container-core-buttons-is-layout-1 wp-block-buttons-is-layout-flex\">\n<div class=\"wp-block-button has-custom-font-size is-style-outline has-small-font-size is-style-outline--1\"><a class=\"wp-block-button__link\" href=\"https:\/\/progepe.ufpr.br\/portarias\/wp-content\/uploads\/pcp\/PRHAE\/2003\/2432PR.pdf\" style=\"border-radius:0px\" target=\"_blank\" rel=\"noreferrer noopener\">Acesse o arquivo da portaria<\/a><\/div><\/div>\n","protected":false},"excerpt":{"rendered":"<p>Retificar a a Portaria n\u00ba 2358\/PRHBAF, de D09 de maio de 2HJ0O0023, publicada no DOU de 13,.05.2003, se\u00e7\u00e3o 11,, p\u00e1g. 15, que nomeou em car\u00e1ter efetivo LUIZ AUGUSTO DA CRUZ MELEIRO, para 0o cargo de Prmoffeessssoor do Grupo Magist\u00e9rio Supertior, classe Adjunto, n\u00edvel 1, em regime de trabalho de dedica\u00e7\u00e3o exclusiva: . Onde sce 1l\u00ea: &#8230; para o o Departamento de Qu\u00edmmiiccaa .. .. L| eia-se: &#8230; paarra o o Departamento de Engseennhhaaria Qu\u00edimica &#8230; .  {&#8220;height&#8221;:&#8221;15px&#8221;} <\/p>\n<div style=\"height:15px\" aria-hidden=\"true\" class=\"wp-block-spacer\"> <!-- \/wp:spacer  {\"layout\":{\"type\":\"flex\",\"justifyContent\":\"right\"}} \n\n<div class=\"wp-block-buttons\"><!-- wp:button {\"style\":{\"border\":{\"radius\":\"0px\"}},\"className\":\"is-style-outline\",\"fontSize\":\"small\"} \n\n<div class=\"wp-block-button has-custom-font-size is-style-outline has-small-font-size\"><a class=\"wp-block-button__link\" href=\"https:\/\/progepe.ufpr.br\/portarias\/wp-content\/uploads\/pcp\/PRHAE\/2003\/2432PR.pdf\" style=\"border-radius:0px\"\n<\/p>\n","protected":false},"author":41,"featured_media":0,"comment_status":"closed","ping_status":"closed","sticky":false,"template":"wp-custom-template-emissao-entre-01-05-2004-ate-30-06-2017","format":"standard","meta":{"_acf_changed":false,"iawp_total_views":0,"footnotes":""},"categories":[232],"tags":[],"class_list":["post-241802","post","type-post","status-publish","format-standard","hentry","category-prhae"],"acf":[],"_links":{"self":[{"href":"https:\/\/progepe.ufpr.br\/portarias\/wp-json\/wp\/v2\/posts\/241802","targetHints":{"allow":["GET"]}}],"collection":[{"href":"https:\/\/progepe.ufpr.br\/portarias\/wp-json\/wp\/v2\/posts"}],"about":[{"href":"https:\/\/progepe.ufpr.br\/portarias\/wp-json\/wp\/v2\/types\/post"}],"author":[{"embeddable":true,"href":"https:\/\/progepe.ufpr.br\/portarias\/wp-json\/wp\/v2\/users\/41"}],"replies":[{"embeddable":true,"href":"https:\/\/progepe.ufpr.br\/portarias\/wp-json\/wp\/v2\/comments?post=241802"}],"version-history":[{"count":0,"href":"https:\/\/progepe.ufpr.br\/portarias\/wp-json\/wp\/v2\/posts\/241802\/revisions"}],"wp:attachment":[{"href":"https:\/\/progepe.ufpr.br\/portarias\/wp-json\/wp\/v2\/media?parent=241802"}],"wp:term":[{"taxonomy":"category","embeddable":true,"href":"https:\/\/progepe.ufpr.br\/portarias\/wp-json\/wp\/v2\/categories?post=241802"},{"taxonomy":"post_tag","embeddable":true,"href":"https:\/\/progepe.ufpr.br\/portarias\/wp-json\/wp\/v2\/tags?post=241802"}],"curies":[{"name":"wp","href":"https:\/\/api.w.org\/{rel}","templated":true}]}}