{"id":241806,"date":"2003-05-16T10:04:00","date_gmt":"2003-05-16T13:04:00","guid":{"rendered":"http:\/\/progepe.ufpr.br\/portarias\/prhae-2003-02436\/"},"modified":"2023-09-05T09:32:52","modified_gmt":"2023-09-05T12:32:52","slug":"prhae-2003-02436","status":"publish","type":"post","link":"https:\/\/progepe.ufpr.br\/portarias\/prhae-2003-02436\/","title":{"rendered":"PORTARIA N\u00ba 02436\/PRHAE, DE 16 DE MAIO DE 2003"},"content":{"rendered":"\n<p>O Pr\u00f3-Reitor de Recursos Humanos ee \u00c1Assuntos Estudantis ddaa Universidade Federal do Paran\u00e1d, nnoo uussoo ddee Ssuas atribui\u00e7\u00f5es, tendo em vista aa4 compet\u00eancia que lhe \u00e9\u00e9 conferida pela Portaria n\u00ba 2.590, de 26 de setembro de 1997 e o0 contgi\u00eddo no pprroocceessssoo nn\u00ba\u00ba 22 11002255\/\/0023-11.<\/p>\n\n\n<p><strong>RESOLVE:<\/strong><\/p>\n\n\n<p>EExxoonneerraarr,, aa ppeeddiiddoo,, aa ppaarrttiirr ddee 0O1l ddee maio ddee 22000033,, aa sseerrvviiddoorraa ENEIDA PORTO AMARAL &#8211; 107905, AAssssiisstteennttee eemm AAddmmiinniissttrraa\u00e7\u00e7\u00e3\u00e3oo,, ddooe ccaarrggoo ddee ccoonnffiiaann\u00e7\u00e7aa ddee Chefe da Se\u00e7\u00e3o de Controle de Cargos ee Fun\u00e7\u00f5es, FG-AUM4, do Deparitanmento de Administra\u00e7\u00e3o ddee FPeessssooaall,, ddaa Pr\u00f3-Reitoriiaa ddee Recursos Humanos ee Assuntos EEssttuuddaannttiiss.<\/p><p><\/p>\n\n\n<div style=\"height:15px\" aria-hidden=\"true\" class=\"wp-block-spacer\"><\/div>\n\n\n<div class=\"wp-block-buttons is-content-justification-right is-layout-flex wp-container-core-buttons-is-layout-1 wp-block-buttons-is-layout-flex\">\n<div class=\"wp-block-button has-custom-font-size is-style-outline has-small-font-size is-style-outline--1\"><a class=\"wp-block-button__link\" href=\"https:\/\/progepe.ufpr.br\/portarias\/wp-content\/uploads\/pcp\/PRHAE\/2003\/2436PR.pdf\" style=\"border-radius:0px\" target=\"_blank\" rel=\"noreferrer noopener\">Acesse o arquivo da portaria<\/a><\/div><\/div>\n","protected":false},"excerpt":{"rendered":"<p>EExxoonneerraarr,, aa ppeeddiiddoo,, aa ppaarrttiirr ddee 0O1l ddee maio ddee 22000033,, aa sseerrvviiddoorraa ENEIDA PORTO AMARAL &#8211; 107905, AAssssiisstteennttee eemm AAddmmiinniissttrraa\u00e7\u00e7\u00e3\u00e3oo,, ddooe ccaarrggoo ddee ccoonnffiiaann\u00e7\u00e7aa ddee Chefe da Se\u00e7\u00e3o de Controle de Cargos ee Fun\u00e7\u00f5es, FG-AUM4, do Deparitanmento de Administra\u00e7\u00e3o ddee FPeessssooaall,, ddaa Pr\u00f3-Reitoriiaa ddee Recursos Humanos ee Assuntos EEssttuuddaannttiiss.  {&#8220;height&#8221;:&#8221;15px&#8221;} <\/p>\n<div style=\"height:15px\" aria-hidden=\"true\" class=\"wp-block-spacer\"> <!-- \/wp:spacer  {\"layout\":{\"type\":\"flex\",\"justifyContent\":\"right\"}} \n\n<div class=\"wp-block-buttons\"><!-- wp:button {\"style\":{\"border\":{\"radius\":\"0px\"}},\"className\":\"is-style-outline\",\"fontSize\":\"small\"} \n\n<div class=\"wp-block-button has-custom-font-size is-style-outline has-small-font-size\"><a class=\"wp-block-button__link\" href=\"https:\/\/progepe.ufpr.br\/portarias\/wp-content\/uploads\/pcp\/PRHAE\/2003\/2436PR.pdf\" style=\"border-radius:0px\" target=\"_blank\" rel=\"noreferrer noopener\">A\n<\/p>\n","protected":false},"author":41,"featured_media":0,"comment_status":"closed","ping_status":"closed","sticky":false,"template":"wp-custom-template-emissao-entre-01-05-2004-ate-30-06-2017","format":"standard","meta":{"_acf_changed":false,"iawp_total_views":0,"footnotes":""},"categories":[232],"tags":[],"class_list":["post-241806","post","type-post","status-publish","format-standard","hentry","category-prhae"],"acf":[],"_links":{"self":[{"href":"https:\/\/progepe.ufpr.br\/portarias\/wp-json\/wp\/v2\/posts\/241806","targetHints":{"allow":["GET"]}}],"collection":[{"href":"https:\/\/progepe.ufpr.br\/portarias\/wp-json\/wp\/v2\/posts"}],"about":[{"href":"https:\/\/progepe.ufpr.br\/portarias\/wp-json\/wp\/v2\/types\/post"}],"author":[{"embeddable":true,"href":"https:\/\/progepe.ufpr.br\/portarias\/wp-json\/wp\/v2\/users\/41"}],"replies":[{"embeddable":true,"href":"https:\/\/progepe.ufpr.br\/portarias\/wp-json\/wp\/v2\/comments?post=241806"}],"version-history":[{"count":1,"href":"https:\/\/progepe.ufpr.br\/portarias\/wp-json\/wp\/v2\/posts\/241806\/revisions"}],"predecessor-version":[{"id":244491,"href":"https:\/\/progepe.ufpr.br\/portarias\/wp-json\/wp\/v2\/posts\/241806\/revisions\/244491"}],"wp:attachment":[{"href":"https:\/\/progepe.ufpr.br\/portarias\/wp-json\/wp\/v2\/media?parent=241806"}],"wp:term":[{"taxonomy":"category","embeddable":true,"href":"https:\/\/progepe.ufpr.br\/portarias\/wp-json\/wp\/v2\/categories?post=241806"},{"taxonomy":"post_tag","embeddable":true,"href":"https:\/\/progepe.ufpr.br\/portarias\/wp-json\/wp\/v2\/tags?post=241806"}],"curies":[{"name":"wp","href":"https:\/\/api.w.org\/{rel}","templated":true}]}}