{"id":241957,"date":"2003-05-30T10:06:00","date_gmt":"2003-05-30T13:06:00","guid":{"rendered":"http:\/\/progepe.ufpr.br\/portarias\/prhae-2003-02589\/"},"modified":"2023-09-05T09:32:58","modified_gmt":"2023-09-05T12:32:58","slug":"prhae-2003-02589","status":"publish","type":"post","link":"https:\/\/progepe.ufpr.br\/portarias\/prhae-2003-02589\/","title":{"rendered":"PORTARIA N\u00ba 02589\/PRHAE, DE 30 DE MAIO DE 2003"},"content":{"rendered":"\n<p>O Pr\u00f3-Reitor de Recursos Humanos ee Assuntos Estudantis da Universidade Federal do Paran\u00e1, no vuso de sSuuaass atribui\u00e7\u00f5es, tendo em vviissttaa a a compet\u00eancia que llhhee \u00e9\u00e9 conferida ppeellaa PPoorrttaarriiaa nn\u00ba\u00ba 22..559900,, ddee 2266 ddee setembro ddee 11999977,, coonsiderando oo que consta nas Leis n\u00ba 88.. 745\/93 ee 9.849\/99 ee de acordo com a\u00e0ss Resolu\u00e7\u00f5es nn\u00ba\u00ba 732\/91-CEP, 31\/95-CEP ee 2Z6\/966&#8211;CCEEPPE, e\u00e9 aaiinnddaa oo ccoonnttiiddoo nnoo pprroocceessssoo nn\u00ba\u00ba 334444 1144\/\/0022&#8211;2277,,<\/p>\n\n\n<p><strong>RESOLVE:<\/strong><\/p>\n\n\n<p>CCoonnttraattaarr LAURA MOELLER, como Professor SSuubbssttiittuuttoo,, com sauld\u00e1rio correessppoonnddente \u00e0 classe de Professor Auxiliar, n\u00edvel 1, no regime de trabalho de 20 (vinte) horas semanais, para o Departamento de Cl\u00edinica M\u00e9dica do Setor de Ci\u00eancias da Sa\u00fade, a\u00e0 ppaarrttiirr da assinatura do contralto, aatt\u00e9\u00e9 15.12.2003, nnaa vaga decorrente do falecimento ddee Rui (Cesar de OCliveira.<\/p><p><\/p>\n\n\n<div style=\"height:15px\" aria-hidden=\"true\" class=\"wp-block-spacer\"><\/div>\n\n\n<div class=\"wp-block-buttons is-content-justification-right is-layout-flex wp-container-core-buttons-is-layout-1 wp-block-buttons-is-layout-flex\">\n<div class=\"wp-block-button has-custom-font-size is-style-outline has-small-font-size is-style-outline--1\"><a class=\"wp-block-button__link\" href=\"https:\/\/progepe.ufpr.br\/portarias\/wp-content\/uploads\/pcp\/PRHAE\/2003\/2589PR.pdf\" style=\"border-radius:0px\" target=\"_blank\" rel=\"noreferrer noopener\">Acesse o arquivo da portaria<\/a><\/div><\/div>\n","protected":false},"excerpt":{"rendered":"<p>CCoonnttraattaarr LAURA MOELLER, como Professor SSuubbssttiittuuttoo,, com sauld\u00e1rio correessppoonnddente \u00e0 classe de Professor Auxiliar, n\u00edvel 1, no regime de trabalho de 20 (vinte) horas semanais, para o Departamento de Cl\u00edinica M\u00e9dica do Setor de Ci\u00eancias da Sa\u00fade, a\u00e0 ppaarrttiirr da assinatura do contralto, aatt\u00e9\u00e9 15.12.2003, nnaa vaga decorrente do falecimento ddee Rui (Cesar de OCliveira.  {&#8220;height&#8221;:&#8221;15px&#8221;} <\/p>\n<div style=\"height:15px\" aria-hidden=\"true\" class=\"wp-block-spacer\"> <!-- \/wp:spacer  {\"layout\":{\"type\":\"flex\",\"justifyContent\":\"right\"}} \n\n<div class=\"wp-block-buttons\"><!-- wp:button {\"style\":{\"border\":{\"radius\":\"0px\"}},\"className\":\"is-style-outline\",\"fontSize\":\"small\"} \n\n<div class=\"wp-block-button has-custom-font-size is-style-outline has-small-font-size\"><a class=\"wp-block-button__link\" href=\"https:\/\/progepe.ufpr.br\/portarias\/wp-content\/uploads\/pcp\/PRHAE\/2003\/2589PR.pdf\" style=\"border-radius:0px\" target=\"_blank\" rel=\"noreferrer noopener\">Acesse o arquivo da portaria<\/a><!--\n<\/p>\n","protected":false},"author":41,"featured_media":0,"comment_status":"closed","ping_status":"closed","sticky":false,"template":"wp-custom-template-emissao-entre-01-05-2004-ate-30-06-2017","format":"standard","meta":{"_acf_changed":false,"iawp_total_views":0,"footnotes":""},"categories":[232],"tags":[],"class_list":["post-241957","post","type-post","status-publish","format-standard","hentry","category-prhae"],"acf":[],"_links":{"self":[{"href":"https:\/\/progepe.ufpr.br\/portarias\/wp-json\/wp\/v2\/posts\/241957","targetHints":{"allow":["GET"]}}],"collection":[{"href":"https:\/\/progepe.ufpr.br\/portarias\/wp-json\/wp\/v2\/posts"}],"about":[{"href":"https:\/\/progepe.ufpr.br\/portarias\/wp-json\/wp\/v2\/types\/post"}],"author":[{"embeddable":true,"href":"https:\/\/progepe.ufpr.br\/portarias\/wp-json\/wp\/v2\/users\/41"}],"replies":[{"embeddable":true,"href":"https:\/\/progepe.ufpr.br\/portarias\/wp-json\/wp\/v2\/comments?post=241957"}],"version-history":[{"count":1,"href":"https:\/\/progepe.ufpr.br\/portarias\/wp-json\/wp\/v2\/posts\/241957\/revisions"}],"predecessor-version":[{"id":244635,"href":"https:\/\/progepe.ufpr.br\/portarias\/wp-json\/wp\/v2\/posts\/241957\/revisions\/244635"}],"wp:attachment":[{"href":"https:\/\/progepe.ufpr.br\/portarias\/wp-json\/wp\/v2\/media?parent=241957"}],"wp:term":[{"taxonomy":"category","embeddable":true,"href":"https:\/\/progepe.ufpr.br\/portarias\/wp-json\/wp\/v2\/categories?post=241957"},{"taxonomy":"post_tag","embeddable":true,"href":"https:\/\/progepe.ufpr.br\/portarias\/wp-json\/wp\/v2\/tags?post=241957"}],"curies":[{"name":"wp","href":"https:\/\/api.w.org\/{rel}","templated":true}]}}