{"id":241959,"date":"2003-05-30T10:08:00","date_gmt":"2003-05-30T13:08:00","guid":{"rendered":"http:\/\/progepe.ufpr.br\/portarias\/prhae-2003-02591\/"},"modified":"2023-09-05T09:32:58","modified_gmt":"2023-09-05T12:32:58","slug":"prhae-2003-02591","status":"publish","type":"post","link":"https:\/\/progepe.ufpr.br\/portarias\/prhae-2003-02591\/","title":{"rendered":"PORTARIA N\u00ba 02591\/PRHAE, DE 30 DE MAIO DE 2003"},"content":{"rendered":"\n<p>O Pr\u00f3-Reitor de Recursos Humanos ee \u00c1Assuntos Estudantis ddaa Universidade Federal ddoo FParan\u00e1, nnoo uussoo ddee suas atribui\u00e7\u00f5es, tendo em vista \u00e0\u00e0 compet\u00eancia que lhe \u00e9\u00e9 conferida pela Portaria n\u00ba 2.,590, de 26 de setembro de 1997, considerando o0 qu\u00eaee consta nas Leis n\u00ba 8,.745\/93 e 9.,849\/99 e de acordo com as Resolu\u00e7\u00f5es nn\u00ba\u00ba 72\/9H1&#8211;CCEEP, 3)1\/95-CEP e\u00e9 26\/96-CEPE, ee ainda oo contido no processo n\u00ba 40918\/02-955,<\/p>\n\n\n<p><strong>RESOLVE:<\/strong><\/p>\n\n\n<p>1L. CCoonnttrraattaarr NEIVA CRISTINA LUBI, ccoo\u00f3mmoo PPrrooffeessssoorr SSuubbssttiittuuttoo,, \u00abcom ssaall\u00e1\u00e1rriioo correspondente \u00e0\u00e0 ccllaassssee ddee Professor Assistente, nn\u00ed\u00edvveell 11,, nnoo regime ddee trabalho ddee 2200 ((vviinnttee)) horas semanais, ppaarraa Oo Departamento ddee Farm\u00e1cia do Setor ddee Ci\u00eancias ddaa Sa\u00fade, aa ppantair rda tassiinartur a do contrato, aatt\u00e9\u00e9 15.12.2003, nnaa vaga ddege cca\u00f3\u00f3ddi go 263705.<\/p><p> 1II., CCoonncceeddeerr oo aaccrr\u00e9\u00e9sscciimmoo ssaallaarriiaall,, ddee aaccoonnddoo ccoomm oo aarrttiiggoo 11\u00ba\u00ba,, &#038;$ 11\u00ba\u00ba,, al\u00ednea a  da LLeei inn \u00ba\u00ba 8.243\/91, tendo eem vista ppoossssueir oo tW\u00edttulo de Mestre eemm Ci\u00eancias Farmac\u00eauticas.<\/p><p><\/p>\n\n\n<div style=\"height:15px\" aria-hidden=\"true\" class=\"wp-block-spacer\"><\/div>\n\n\n<div class=\"wp-block-buttons is-content-justification-right is-layout-flex wp-container-core-buttons-is-layout-1 wp-block-buttons-is-layout-flex\">\n<div class=\"wp-block-button has-custom-font-size is-style-outline has-small-font-size is-style-outline--1\"><a class=\"wp-block-button__link\" href=\"https:\/\/progepe.ufpr.br\/portarias\/wp-content\/uploads\/pcp\/PRHAE\/2003\/2591PR.pdf\" style=\"border-radius:0px\" target=\"_blank\" rel=\"noreferrer noopener\">Acesse o arquivo da portaria<\/a><\/div><\/div>\n","protected":false},"excerpt":{"rendered":"<p>1L. CCoonnttrraattaarr NEIVA CRISTINA LUBI, ccoo\u00f3mmoo PPrrooffeessssoorr SSuubbssttiittuuttoo,, \u00abcom ssaall\u00e1\u00e1rriioo correspondente \u00e0\u00e0 ccllaassssee ddee Professor Assistente, nn\u00ed\u00edvveell 11,, nnoo regime ddee trabalho ddee 2200 ((vviinnttee)) horas semanais, ppaarraa Oo Departamento ddee Farm\u00e1cia do Setor ddee Ci\u00eancias ddaa Sa\u00fade, aa ppantair rda tassiinartur a do contrato, aatt\u00e9\u00e9 15.12.2003, nnaa vaga ddege cca\u00f3\u00f3ddi go 263705. 1II., CCoonncceeddeerr oo aaccrr\u00e9\u00e9sscciimmoo ssaallaarriiaall,, ddee aaccoonnddoo ccoomm oo aarrttiiggoo 11\u00ba\u00ba,, &#038;$ 11\u00ba\u00ba,, al\u00ednea a da LLeei inn \u00ba\u00ba 8.243\/91, tendo eem vista ppoossssueir oo tW\u00edttulo de Mestre eemm Ci\u00eancias Farmac\u00eauticas.  {&#8220;height&#8221;:&#8221;15px&#8221;} <\/p>\n<div style=\"height:15px\" aria-hidden=\"true\" class=\"wp-block-spacer\"> <!-- \/wp:spacer  {\"layout\":{\"type\":\"flex\",\"justifyContent\":\"right\"}} \n\n<div class=\"wp-block-buttons\"><!-- wp:button {\"style\":{\"border\":{\"radius\":\"0px\"}},\"className\":\"is-style-outline\",\"fontSize\":\"small\"}\n<\/p>\n","protected":false},"author":41,"featured_media":0,"comment_status":"closed","ping_status":"closed","sticky":false,"template":"wp-custom-template-emissao-entre-01-05-2004-ate-30-06-2017","format":"standard","meta":{"_acf_changed":false,"iawp_total_views":0,"footnotes":""},"categories":[232],"tags":[],"class_list":["post-241959","post","type-post","status-publish","format-standard","hentry","category-prhae"],"acf":[],"_links":{"self":[{"href":"https:\/\/progepe.ufpr.br\/portarias\/wp-json\/wp\/v2\/posts\/241959","targetHints":{"allow":["GET"]}}],"collection":[{"href":"https:\/\/progepe.ufpr.br\/portarias\/wp-json\/wp\/v2\/posts"}],"about":[{"href":"https:\/\/progepe.ufpr.br\/portarias\/wp-json\/wp\/v2\/types\/post"}],"author":[{"embeddable":true,"href":"https:\/\/progepe.ufpr.br\/portarias\/wp-json\/wp\/v2\/users\/41"}],"replies":[{"embeddable":true,"href":"https:\/\/progepe.ufpr.br\/portarias\/wp-json\/wp\/v2\/comments?post=241959"}],"version-history":[{"count":1,"href":"https:\/\/progepe.ufpr.br\/portarias\/wp-json\/wp\/v2\/posts\/241959\/revisions"}],"predecessor-version":[{"id":244637,"href":"https:\/\/progepe.ufpr.br\/portarias\/wp-json\/wp\/v2\/posts\/241959\/revisions\/244637"}],"wp:attachment":[{"href":"https:\/\/progepe.ufpr.br\/portarias\/wp-json\/wp\/v2\/media?parent=241959"}],"wp:term":[{"taxonomy":"category","embeddable":true,"href":"https:\/\/progepe.ufpr.br\/portarias\/wp-json\/wp\/v2\/categories?post=241959"},{"taxonomy":"post_tag","embeddable":true,"href":"https:\/\/progepe.ufpr.br\/portarias\/wp-json\/wp\/v2\/tags?post=241959"}],"curies":[{"name":"wp","href":"https:\/\/api.w.org\/{rel}","templated":true}]}}