{"id":241961,"date":"2003-05-30T10:10:00","date_gmt":"2003-05-30T13:10:00","guid":{"rendered":"http:\/\/progepe.ufpr.br\/portarias\/prhae-2003-02593\/"},"modified":"2024-03-04T16:23:01","modified_gmt":"2024-03-04T19:23:01","slug":"prhae-2003-02593","status":"publish","type":"post","link":"https:\/\/progepe.ufpr.br\/portarias\/prhae-2003-02593\/","title":{"rendered":"PORTARIA N\u00ba 02593\/PRHAE, DE 30 DE MAIO DE 2003"},"content":{"rendered":"\n<p style=\"padding-left:43%\">O Pr\u00f3-Reitor de Recursos Humanos e Assuntos Estudantis da Universidade Federal do Paran\u00e1, no uso de suas atribui\u00e7\u00f5es, tendo em vista a compet\u00eancia que lhe \u00e9 conferida pela Portaria n\u00ba 2.590, de 26 de setembro de 1997, considerando o que consta nas Leis n\u00ba 8.745\/93 e 9.849\/99 e de acordo com as Resolu\u00e7\u00f5es n\u00ba 72\/91-CEP, 31\/95-CEP e 26\/96-CEPE, e ainda o contido no processo n\u00ba 45515\/02-04,<\/p>\n\n\n\n<p style=\"padding-left:43%\"><strong>RESOLVE:<\/strong><\/p>\n\n\n\n<p>I. Contratar GISELE PONTAROLI RAYMUNDO, como Professor Substituto, com sal\u00e1rio correspondente \u00e0 classe de Professor Assistente, n\u00edvel I, no regime de trabalho de 20 (vinte) horas semanais, para o Departamento de Nutri\u00e7\u00e3o do Setor de Ci\u00eancias da Sa\u00fade, a partir da assinatura do contrato, at\u00e9 15.12.2003, na vaga decorrente do afastamento de Claudia Choma Bettega Almeida.<\/p>\n\n\n\n<p>II. Conceder o acr\u00e9scimo salarial, de acordo com o artigo 1\u00ba, \u00a7 1\u00ba, al\u00ednea &#8220;a&#8221; da Lei n\u00ba 8.243\/91, tendo em vista possuir o t\u00edtulo de Mestre em Educa\u00e7\u00e3o.<\/p>\n","protected":false},"excerpt":{"rendered":"<p>I. Contratar GISELE PONTAROLI RAYMUNDO, como Professor Substituto, com sal\u00e1rio correspondente \u00e0 classe de Professor Assistente, n\u00edvel I, no regime de trabalho de 20 (vinte) horas semanais, para o Departamento de Nutri\u00e7\u00e3o do Setor de Ci\u00eancias da Sa\u00fade, a partir da assinatura do contrato, at\u00e9 15.12.2003, na vaga decorrente do afastamento de Claudia Choma Bettega Almeida.  II. Conceder o acr\u00e9scimo salarial, de acordo com o artigo 1\u00ba, \u00a7 1\u00ba, al\u00ednea &#8220;a&#8221; da Lei n\u00ba 8.243\/91, tendo em vista possuir o t\u00edtulo de Mestre em Educa\u00e7\u00e3o.<\/p>\n","protected":false},"author":41,"featured_media":0,"comment_status":"closed","ping_status":"closed","sticky":false,"template":"","format":"standard","meta":{"_acf_changed":false,"iawp_total_views":0,"footnotes":""},"categories":[232],"tags":[283,141],"class_list":["post-241961","post","type-post","status-publish","format-standard","hentry","category-prhae","tag-acrescimo-salarial","tag-contratacao"],"acf":[],"_links":{"self":[{"href":"https:\/\/progepe.ufpr.br\/portarias\/wp-json\/wp\/v2\/posts\/241961","targetHints":{"allow":["GET"]}}],"collection":[{"href":"https:\/\/progepe.ufpr.br\/portarias\/wp-json\/wp\/v2\/posts"}],"about":[{"href":"https:\/\/progepe.ufpr.br\/portarias\/wp-json\/wp\/v2\/types\/post"}],"author":[{"embeddable":true,"href":"https:\/\/progepe.ufpr.br\/portarias\/wp-json\/wp\/v2\/users\/41"}],"replies":[{"embeddable":true,"href":"https:\/\/progepe.ufpr.br\/portarias\/wp-json\/wp\/v2\/comments?post=241961"}],"version-history":[{"count":5,"href":"https:\/\/progepe.ufpr.br\/portarias\/wp-json\/wp\/v2\/posts\/241961\/revisions"}],"predecessor-version":[{"id":254903,"href":"https:\/\/progepe.ufpr.br\/portarias\/wp-json\/wp\/v2\/posts\/241961\/revisions\/254903"}],"wp:attachment":[{"href":"https:\/\/progepe.ufpr.br\/portarias\/wp-json\/wp\/v2\/media?parent=241961"}],"wp:term":[{"taxonomy":"category","embeddable":true,"href":"https:\/\/progepe.ufpr.br\/portarias\/wp-json\/wp\/v2\/categories?post=241961"},{"taxonomy":"post_tag","embeddable":true,"href":"https:\/\/progepe.ufpr.br\/portarias\/wp-json\/wp\/v2\/tags?post=241961"}],"curies":[{"name":"wp","href":"https:\/\/api.w.org\/{rel}","templated":true}]}}