{"id":241962,"date":"2003-05-30T10:11:00","date_gmt":"2003-05-30T13:11:00","guid":{"rendered":"http:\/\/progepe.ufpr.br\/portarias\/prhae-2003-02594\/"},"modified":"2023-09-05T09:32:58","modified_gmt":"2023-09-05T12:32:58","slug":"prhae-2003-02594","status":"publish","type":"post","link":"https:\/\/progepe.ufpr.br\/portarias\/prhae-2003-02594\/","title":{"rendered":"PORTARIA N\u00ba 02594\/PRHAE, DE 30 DE MAIO DE 2003"},"content":{"rendered":"\n<p>O Pr\u00f3-Reitor ddee Recursos Humanos ee \u00c1Assuontos Estudantis ddaa Universidade Federal ddoo Paran\u00e1, nnoo uvssoo ddee ssuuaass atribui\u00e7\u00f5es, tendo em vviissiiaa \u00e0 a compet\u00eancia que lIhhee \u00e9\u00e9 conferida ppeellaa PFoorrttaarriiaa nn\u00ba\u00ba 22..55990),, ddee 2266 ddee setembro ddee 11999977,, considerando &#038;o qquuee ccoonnssttaa nnaass LLeeiiss nn\u00ba\u00ba 8.745\/93 ee 9,.86409\/599 e2 ddee aaccoorrddoo ceom a\u00e0ass Resolu\u00e7\u00f5es nn\u00ba\u00ba 72H991] -CCEEP, 31\/95-CEP ee 26\/9W6&#8211;CCEEFPE, ee ai\u00ednda oo ccoonnttiiddoo tnoo pprroocceessssoo nn\u00ba\u00ba 4433883366\/\/0022&#8211;3399,,<\/p>\n\n\n<p><strong>RESOLVE:<\/strong><\/p>\n\n\n<p>11. Conttrraatar MARCELO MARCONDES STEGANI, como PPrrooffeessssoorr SSuubbssttiitmuttoo,, com ssaall\u00e1\u00e1rriioo correspondente \u00e0\u00e0 ccllaassssee ddee PPrrooffeessssoorr AAssssiisstteennttee,, nn\u00ed\u00edvveell |1,, nnoo rTeeggiimmee ddee ttrraabbaallhhoo ddee 22006 ((vviinntlee)) hhoorraass sseemmaannaaiiss,, ppaarra a oo DDeeppaarrttaammeennttoo ddee CCiirruurrggiiaa ddoo SSeettoorr ddee Ci\u00eancias da Sa\u00fade, aa partir da assinatura do contrato, at\u00e9 15,.12.,2003, n\u00e1a vaga decorrente do falecimento de Walter Marsola., N1H1. . Conceder 0o acr\u00e9scimo ssaallaarr\u00ediiaall,, ddee acordo com oo artigo 1\u00ba,, $$ 11\u00ba\u00ba,, al\u00ednea a da Lei n\u00ba 8.224433\/\/991, tendo cum vista possuir \u20aco lt\u00edtulo de Mestre em Medicina, \u00e1rea de concentra\u00e7\u00e3o em Cli\u00ednica Cinr\u00ed\u00fargica.<\/p><p> pCpul oo rnietteoo MAif\u00e3soa!E d4sn aUaaido 07 0E 0S FE E mep<\/p><p><\/p>\n\n\n<div style=\"height:15px\" aria-hidden=\"true\" class=\"wp-block-spacer\"><\/div>\n\n\n<div class=\"wp-block-buttons is-content-justification-right is-layout-flex wp-container-core-buttons-is-layout-1 wp-block-buttons-is-layout-flex\">\n<div class=\"wp-block-button has-custom-font-size is-style-outline has-small-font-size is-style-outline--1\"><a class=\"wp-block-button__link\" href=\"https:\/\/progepe.ufpr.br\/portarias\/wp-content\/uploads\/pcp\/PRHAE\/2003\/2594PR.pdf\" style=\"border-radius:0px\" target=\"_blank\" rel=\"noreferrer noopener\">Acesse o arquivo da portaria<\/a><\/div><\/div>\n","protected":false},"excerpt":{"rendered":"<p>11. Conttrraatar MARCELO MARCONDES STEGANI, como PPrrooffeessssoorr SSuubbssttiitmuttoo,, com ssaall\u00e1\u00e1rriioo correspondente \u00e0\u00e0 ccllaassssee ddee PPrrooffeessssoorr AAssssiisstteennttee,, nn\u00ed\u00edvveell |1,, nnoo rTeeggiimmee ddee ttrraabbaallhhoo ddee 22006 ((vviinntlee)) hhoorraass sseemmaannaaiiss,, ppaarra a oo DDeeppaarrttaammeennttoo ddee CCiirruurrggiiaa ddoo SSeettoorr ddee Ci\u00eancias da Sa\u00fade, aa partir da assinatura do contrato, at\u00e9 15,.12.,2003, n\u00e1a vaga decorrente do falecimento de Walter Marsola., N1H1. . Conceder 0o acr\u00e9scimo ssaallaarr\u00ediiaall,, ddee acordo com oo artigo 1\u00ba,, $$ 11\u00ba\u00ba,, al\u00ednea a da Lei n\u00ba 8.224433\/\/991, tendo cum vista possuir \u20aco lt\u00edtulo de Mestre em Medicina, \u00e1rea de concentra\u00e7\u00e3o em Cli\u00ednica Cinr\u00ed\u00fargica. pCpul oo rnietteoo MAif\u00e3soa!E d4sn aUaaido 07<\/p>\n","protected":false},"author":41,"featured_media":0,"comment_status":"closed","ping_status":"closed","sticky":false,"template":"wp-custom-template-emissao-entre-01-05-2004-ate-30-06-2017","format":"standard","meta":{"_acf_changed":false,"iawp_total_views":1,"footnotes":""},"categories":[232],"tags":[],"class_list":["post-241962","post","type-post","status-publish","format-standard","hentry","category-prhae"],"acf":[],"_links":{"self":[{"href":"https:\/\/progepe.ufpr.br\/portarias\/wp-json\/wp\/v2\/posts\/241962","targetHints":{"allow":["GET"]}}],"collection":[{"href":"https:\/\/progepe.ufpr.br\/portarias\/wp-json\/wp\/v2\/posts"}],"about":[{"href":"https:\/\/progepe.ufpr.br\/portarias\/wp-json\/wp\/v2\/types\/post"}],"author":[{"embeddable":true,"href":"https:\/\/progepe.ufpr.br\/portarias\/wp-json\/wp\/v2\/users\/41"}],"replies":[{"embeddable":true,"href":"https:\/\/progepe.ufpr.br\/portarias\/wp-json\/wp\/v2\/comments?post=241962"}],"version-history":[{"count":1,"href":"https:\/\/progepe.ufpr.br\/portarias\/wp-json\/wp\/v2\/posts\/241962\/revisions"}],"predecessor-version":[{"id":244640,"href":"https:\/\/progepe.ufpr.br\/portarias\/wp-json\/wp\/v2\/posts\/241962\/revisions\/244640"}],"wp:attachment":[{"href":"https:\/\/progepe.ufpr.br\/portarias\/wp-json\/wp\/v2\/media?parent=241962"}],"wp:term":[{"taxonomy":"category","embeddable":true,"href":"https:\/\/progepe.ufpr.br\/portarias\/wp-json\/wp\/v2\/categories?post=241962"},{"taxonomy":"post_tag","embeddable":true,"href":"https:\/\/progepe.ufpr.br\/portarias\/wp-json\/wp\/v2\/tags?post=241962"}],"curies":[{"name":"wp","href":"https:\/\/api.w.org\/{rel}","templated":true}]}}