{"id":241963,"date":"2003-05-30T10:12:00","date_gmt":"2003-05-30T13:12:00","guid":{"rendered":"http:\/\/progepe.ufpr.br\/portarias\/prhae-2003-02595\/"},"modified":"2023-09-05T09:32:58","modified_gmt":"2023-09-05T12:32:58","slug":"prhae-2003-02595","status":"publish","type":"post","link":"https:\/\/progepe.ufpr.br\/portarias\/prhae-2003-02595\/","title":{"rendered":"PORTARIA N\u00ba 02595\/PRHAE, DE 30 DE MAIO DE 2003"},"content":{"rendered":"\n<p>O Pr\u00f3-Reitor de RKecursos Humanos e \u00c1AAsssuunnttos Estudantis da Universidade Federal do Paran\u00e1, no us o de suas atribui\u00e7\u00f5es, tendo em vista a compet\u00eancia que lhe \u00e9\u00e9 conferida ppeellaa PPoorrttaarriiaa nn\u00ba\u00ba 22.,55990,, ddee 2266 ddee sseetteemmbbrroo ddee 11999977,, ccoonnssiiddeerraannddoo oo que consita nas Leis n\u00ba 8,774455\/\/993 ee 9,5849\/09 ee de acoerdo com a\u00e0ss Resolu\u00e7\u00f5es nn\u00ba\u00ba 72\/911&#8211;CCEEPPF, 31\/9559&#8211;C2EP ee 26\/9866&#8211;CCEEPFE, cc aaiinnddaa oo coentido no processo n\u00ba 1168533\/\/0022&#8211;706,<\/p>\n\n\n<p><strong>RESOLVE:<\/strong><\/p>\n\n\n<p>Contratar VALDER RODRIGUES DE MELO, como PErofessor Substituto, com sal\u00e1rio cormreessppoonnddeennte \u00e0 classe de Professor Auxiliar, n\u00edvel 1, no regime de trabalho de 20 (vinte) horas semanais, para oo Departamento de Anatomia do Setlor de Ci\u00eancias RBiol\u00f3gicas, \u00e0a parrt\u00fair da assinatura do contrato, at\u00e9 15.12,..2200003, na vaga decorrmente da exonera\u00e7\u00e3o ddee M\u00e1rio M\u00e1rcio Negr\u00e3o.<\/p><p> \u2014 C gpuubbllizceaado =ao mitio sa fch da Uniba d4t0o2 0E6 0o! \u2014 FFEE .ppi\u00e9ao. DS YVilkon Kachel<\/p><p><\/p>\n\n\n<div style=\"height:15px\" aria-hidden=\"true\" class=\"wp-block-spacer\"><\/div>\n\n\n<div class=\"wp-block-buttons is-content-justification-right is-layout-flex wp-container-core-buttons-is-layout-1 wp-block-buttons-is-layout-flex\">\n<div class=\"wp-block-button has-custom-font-size is-style-outline has-small-font-size is-style-outline--1\"><a class=\"wp-block-button__link\" href=\"https:\/\/progepe.ufpr.br\/portarias\/wp-content\/uploads\/pcp\/PRHAE\/2003\/2595PR.pdf\" style=\"border-radius:0px\" target=\"_blank\" rel=\"noreferrer noopener\">Acesse o arquivo da portaria<\/a><\/div><\/div>\n","protected":false},"excerpt":{"rendered":"<p>Contratar VALDER RODRIGUES DE MELO, como PErofessor Substituto, com sal\u00e1rio cormreessppoonnddeennte \u00e0 classe de Professor Auxiliar, n\u00edvel 1, no regime de trabalho de 20 (vinte) horas semanais, para oo Departamento de Anatomia do Setlor de Ci\u00eancias RBiol\u00f3gicas, \u00e0a parrt\u00fair da assinatura do contrato, at\u00e9 15.12,..2200003, na vaga decorrmente da exonera\u00e7\u00e3o ddee M\u00e1rio M\u00e1rcio Negr\u00e3o. \u2014 C gpuubbllizceaado =ao mitio sa fch da Uniba d4t0o2 0E6 0o! \u2014 FFEE .ppi\u00e9ao. DS YVilkon Kachel  {&#8220;height&#8221;:&#8221;15px&#8221;} <\/p>\n<div style=\"height:15px\" aria-hidden=\"true\" class=\"wp-block-spacer\"> <!-- \/wp:spacer  {\"layout\":{\"type\":\"flex\",\"justifyContent\":\"right\"}} \n\n<div class=\"wp-block-buttons\"><!-- wp:button {\"style\":{\"border\":{\"radius\":\"0px\"}},\"className\":\"is-style-outline\",\"fontSize\":\"small\"} \n\n<div class=\"wp-block-button has-custom-font-size is-style-outline has-small-font-size\"><a class=\"wp-block-button__link\" href=\"https:\/\/progepe.ufpr.br\/portarias\/wp-content\/uploads\/pcp\/PRHAE\/2003\/2595PR.pdf\" style=\"border-radius:0px\"\n<\/p>\n","protected":false},"author":41,"featured_media":0,"comment_status":"closed","ping_status":"closed","sticky":false,"template":"wp-custom-template-emissao-entre-01-05-2004-ate-30-06-2017","format":"standard","meta":{"_acf_changed":false,"iawp_total_views":0,"footnotes":""},"categories":[232],"tags":[],"class_list":["post-241963","post","type-post","status-publish","format-standard","hentry","category-prhae"],"acf":[],"_links":{"self":[{"href":"https:\/\/progepe.ufpr.br\/portarias\/wp-json\/wp\/v2\/posts\/241963","targetHints":{"allow":["GET"]}}],"collection":[{"href":"https:\/\/progepe.ufpr.br\/portarias\/wp-json\/wp\/v2\/posts"}],"about":[{"href":"https:\/\/progepe.ufpr.br\/portarias\/wp-json\/wp\/v2\/types\/post"}],"author":[{"embeddable":true,"href":"https:\/\/progepe.ufpr.br\/portarias\/wp-json\/wp\/v2\/users\/41"}],"replies":[{"embeddable":true,"href":"https:\/\/progepe.ufpr.br\/portarias\/wp-json\/wp\/v2\/comments?post=241963"}],"version-history":[{"count":1,"href":"https:\/\/progepe.ufpr.br\/portarias\/wp-json\/wp\/v2\/posts\/241963\/revisions"}],"predecessor-version":[{"id":244641,"href":"https:\/\/progepe.ufpr.br\/portarias\/wp-json\/wp\/v2\/posts\/241963\/revisions\/244641"}],"wp:attachment":[{"href":"https:\/\/progepe.ufpr.br\/portarias\/wp-json\/wp\/v2\/media?parent=241963"}],"wp:term":[{"taxonomy":"category","embeddable":true,"href":"https:\/\/progepe.ufpr.br\/portarias\/wp-json\/wp\/v2\/categories?post=241963"},{"taxonomy":"post_tag","embeddable":true,"href":"https:\/\/progepe.ufpr.br\/portarias\/wp-json\/wp\/v2\/tags?post=241963"}],"curies":[{"name":"wp","href":"https:\/\/api.w.org\/{rel}","templated":true}]}}