{"id":241992,"date":"2003-06-02T10:11:00","date_gmt":"2003-06-02T13:11:00","guid":{"rendered":"http:\/\/progepe.ufpr.br\/portarias\/prhae-2003-02624\/"},"modified":"2023-09-05T09:32:59","modified_gmt":"2023-09-05T12:32:59","slug":"prhae-2003-02624","status":"publish","type":"post","link":"https:\/\/progepe.ufpr.br\/portarias\/prhae-2003-02624\/","title":{"rendered":"PORTARIA N\u00ba 02624\/PRHAE, DE 02 DE JUNHO DE 2003"},"content":{"rendered":"\n<p>O Pr\u00f3-Reitor ddee Recursos HAHuummaannoos ee A\u00c1Asssuunnttoos Estudantis da Universidade Federal do Paran\u00e1, nnoo uso ddee ssuuaass aattrriibbuuii\u00e7\u00e7\u00f5\u00f5eess,, tteennddoo em vviissttaa a \u00e0 compet\u00eancia qquuee llhhee \u00e9\u00e9 conferida ppeellaa PPoorrttaarriiaa nn\u00ba\u00ba 22,,559900,, ddee 2266 ddee setembro ddee 11999977,, considerando oo qquuee ccoonnssttaa nnaass LLeeiiss nn\u00ba\u00ba 828..774455\/\/9933 ee 9,849\/995 2e ddee acordo com aass Resolu\u00e7\u00f5es nn\u00ba\u00ba 723\/91-CEP, 31\/95-CEP ee 26&#038;\/960-CEPE, ee aaiinnddaa oo ccoennttiiddoo nnoo processo nn\u00ba\u00ba 23361\/03-81,<\/p>\n\n\n<p><strong>RESOLVE:<\/strong><\/p>\n\n\n<p>Contratar MARIA PAULA MAN\u00c7O PEREIRA, como PPrrooffeessssoorr Substituto, com sal\u00e1rio correspoendente \u00e0\u00e0 classe ddee Professor Auxitliar, nn\u00ed\u00edvveell E1,, no tegime de trabalho de 20D (vinte) horas semanais, para o o Departamento de Enfermagem do Setor de Cil\u00eancias ddaa Sa\u00fade, aa ppaarrttiirr ddaa aassssiinnaattuurraa ddoo ccoonnttrraattoo,, ppoorr um per\u00edodo ddee 112Z ((ddoozzee)) mmeesseess,, nnaa vvaaggaa decorrente ddaa exonera\u00e7\u00e3o ddee Telma EElliissaa CCaarrrraarroo..<\/p><p> Publicadao -=\u00bb7 BDitt\u00f3as OOffiicciiooell ddaa Uni\u00e3o :\u00c91 OEE CUG odEeEESRs A .) \u00c9 2TE nsc ua d,b o \u2014 \u2014 \u2014\u2014 _ VilE -:__ son Ks ____ achel , __:x __d YVilson Kachel mecp<\/p><p><\/p>\n\n\n<div style=\"height:15px\" aria-hidden=\"true\" class=\"wp-block-spacer\"><\/div>\n\n\n<div class=\"wp-block-buttons is-content-justification-right is-layout-flex wp-container-core-buttons-is-layout-1 wp-block-buttons-is-layout-flex\">\n<div class=\"wp-block-button has-custom-font-size is-style-outline has-small-font-size is-style-outline--1\"><a class=\"wp-block-button__link\" href=\"https:\/\/progepe.ufpr.br\/portarias\/wp-content\/uploads\/pcp\/PRHAE\/2003\/2624PR.pdf\" style=\"border-radius:0px\" target=\"_blank\" rel=\"noreferrer noopener\">Acesse o arquivo da portaria<\/a><\/div><\/div>\n","protected":false},"excerpt":{"rendered":"<p>Contratar MARIA PAULA MAN\u00c7O PEREIRA, como PPrrooffeessssoorr Substituto, com sal\u00e1rio correspoendente \u00e0\u00e0 classe ddee Professor Auxitliar, nn\u00ed\u00edvveell E1,, no tegime de trabalho de 20D (vinte) horas semanais, para o o Departamento de Enfermagem do Setor de Cil\u00eancias ddaa Sa\u00fade, aa ppaarrttiirr ddaa aassssiinnaattuurraa ddoo ccoonnttrraattoo,, ppoorr um per\u00edodo ddee 112Z ((ddoozzee)) mmeesseess,, nnaa vvaaggaa decorrente ddaa exonera\u00e7\u00e3o ddee Telma EElliissaa CCaarrrraarroo.. Publicadao -=\u00bb7 BDitt\u00f3as OOffiicciiooell ddaa Uni\u00e3o :\u00c91 OEE CUG odEeEESRs A .) \u00c9 2TE nsc ua d,b o \u2014 \u2014 \u2014\u2014 _ VilE -:__ son Ks ____ achel , __:x __d YVilson Kachel mecp  {&#8220;height&#8221;:&#8221;15px&#8221;} <\/p>\n<div \n\n","protected":false},"author":41,"featured_media":0,"comment_status":"closed","ping_status":"closed","sticky":false,"template":"wp-custom-template-emissao-entre-01-05-2004-ate-30-06-2017","format":"standard","meta":{"_acf_changed":false,"iawp_total_views":0,"footnotes":""},"categories":[232],"tags":[],"class_list":["post-241992","post","type-post","status-publish","format-standard","hentry","category-prhae"],"acf":[],"_links":{"self":[{"href":"https:\/\/progepe.ufpr.br\/portarias\/wp-json\/wp\/v2\/posts\/241992","targetHints":{"allow":["GET"]}}],"collection":[{"href":"https:\/\/progepe.ufpr.br\/portarias\/wp-json\/wp\/v2\/posts"}],"about":[{"href":"https:\/\/progepe.ufpr.br\/portarias\/wp-json\/wp\/v2\/types\/post"}],"author":[{"embeddable":true,"href":"https:\/\/progepe.ufpr.br\/portarias\/wp-json\/wp\/v2\/users\/41"}],"replies":[{"embeddable":true,"href":"https:\/\/progepe.ufpr.br\/portarias\/wp-json\/wp\/v2\/comments?post=241992"}],"version-history":[{"count":1,"href":"https:\/\/progepe.ufpr.br\/portarias\/wp-json\/wp\/v2\/posts\/241992\/revisions"}],"predecessor-version":[{"id":244669,"href":"https:\/\/progepe.ufpr.br\/portarias\/wp-json\/wp\/v2\/posts\/241992\/revisions\/244669"}],"wp:attachment":[{"href":"https:\/\/progepe.ufpr.br\/portarias\/wp-json\/wp\/v2\/media?parent=241992"}],"wp:term":[{"taxonomy":"category","embeddable":true,"href":"https:\/\/progepe.ufpr.br\/portarias\/wp-json\/wp\/v2\/categories?post=241992"},{"taxonomy":"post_tag","embeddable":true,"href":"https:\/\/progepe.ufpr.br\/portarias\/wp-json\/wp\/v2\/tags?post=241992"}],"curies":[{"name":"wp","href":"https:\/\/api.w.org\/{rel}","templated":true}]}}