{"id":241995,"date":"2003-06-03T10:02:00","date_gmt":"2003-06-03T13:02:00","guid":{"rendered":"http:\/\/progepe.ufpr.br\/portarias\/prhae-2003-02627\/"},"modified":"2023-09-05T09:32:59","modified_gmt":"2023-09-05T12:32:59","slug":"prhae-2003-02627","status":"publish","type":"post","link":"https:\/\/progepe.ufpr.br\/portarias\/prhae-2003-02627\/","title":{"rendered":"PORTARIA N\u00ba 02627\/PRHAE, DE 03 DE JUNHO DE 2003"},"content":{"rendered":"\n<p>O Pr\u00f3-Reitor de Recursos Humanos e Assuntos Estudantis da Universidade Federal do Paran\u00e1, no uso de suas atribui\u00e7\u00f5es, teennddoo eemm vviissttaa a a ccoommppeett\u00ea\u00eanncciiaa qquuee llhhee \u00e9\u00e9 ccoonnffeerriiddaa ppeellaa PPoorrttaarriiaa nn\u00ba\u00ba 22..559900,, ddee 2266 ddee setembro ddee 11999977 ee considerando oo qquuee ccoonnssltaa nnoo processo nn\u00ba\u00ba 2373W\/0011&#8211;119,<\/p>\n\n\n<p><strong>RESOLVE:<\/strong><\/p>\n\n\n<p>Alterar aa Portaria nn\u00ba\u00ba 2.378\/\/\/\/PPRRHH\u00c1AE, ddee |122 ddee maio ddee 2003, para ffaazzeerr constar, aa ppaarrttiirr ddee 0077 ddee novembro ddee 2Z0O0C1, oo cancelamento ddoo adicional ddee Periculosidade, cormrespondente aaoo grau ddee 10 (derz ppoorr cento), concedido \u00e0\u00e0 servidora MARIA CRISTINA DOS SANTOS BARRETO LEAL &#8212; 138010, T\u00e9mcnico de Laboralt\u00f3rio\/\u00c1rea, lotada no Departamento ddee CCii\u00ea\u00eanncciiaass FFlloorreessttaaiiss ddoo SSeettoorr ddee CCii\u00ea\u00eanncciiaass AAggrr\u00e1\u00e1rriiaass.<\/p><p><\/p>\n\n\n<div style=\"height:15px\" aria-hidden=\"true\" class=\"wp-block-spacer\"><\/div>\n\n\n<div class=\"wp-block-buttons is-content-justification-right is-layout-flex wp-container-core-buttons-is-layout-1 wp-block-buttons-is-layout-flex\">\n<div class=\"wp-block-button has-custom-font-size is-style-outline has-small-font-size is-style-outline--1\"><a class=\"wp-block-button__link\" href=\"https:\/\/progepe.ufpr.br\/portarias\/wp-content\/uploads\/pcp\/PRHAE\/2003\/2627PR.pdf\" style=\"border-radius:0px\" target=\"_blank\" rel=\"noreferrer noopener\">Acesse o arquivo da portaria<\/a><\/div><\/div>\n","protected":false},"excerpt":{"rendered":"<p>Alterar aa Portaria nn\u00ba\u00ba 2.378\/\/\/\/PPRRHH\u00c1AE, ddee |122 ddee maio ddee 2003, para ffaazzeerr constar, aa ppaarrttiirr ddee 0077 ddee novembro ddee 2Z0O0C1, oo cancelamento ddoo adicional ddee Periculosidade, cormrespondente aaoo grau ddee 10 (derz ppoorr cento), concedido \u00e0\u00e0 servidora MARIA CRISTINA DOS SANTOS BARRETO LEAL &#8212; 138010, T\u00e9mcnico de Laboralt\u00f3rio\/\u00c1rea, lotada no Departamento ddee CCii\u00ea\u00eanncciiaass FFlloorreessttaaiiss ddoo SSeettoorr ddee CCii\u00ea\u00eanncciiaass AAggrr\u00e1\u00e1rriiaass.  {&#8220;height&#8221;:&#8221;15px&#8221;} <\/p>\n<div style=\"height:15px\" aria-hidden=\"true\" class=\"wp-block-spacer\"> <!-- \/wp:spacer  {\"layout\":{\"type\":\"flex\",\"justifyContent\":\"right\"}} \n\n<div class=\"wp-block-buttons\"><!-- wp:button {\"style\":{\"border\":{\"radius\":\"0px\"}},\"className\":\"is-style-outline\",\"fontSize\":\"small\"} \n\n<div class=\"wp-block-button has-custom-font-size is-style-outline has-small-font-size\"><a class=\"wp-block-button__link\" href=\"https:\/\/progepe.ufpr.br\/portarias\/wp-content\/uploads\/pcp\/PRHAE\/2003\/2627PR.pdf\" style=\"border-\n<\/p>\n","protected":false},"author":41,"featured_media":0,"comment_status":"closed","ping_status":"closed","sticky":false,"template":"wp-custom-template-emissao-entre-01-05-2004-ate-30-06-2017","format":"standard","meta":{"_acf_changed":false,"iawp_total_views":0,"footnotes":""},"categories":[232],"tags":[],"class_list":["post-241995","post","type-post","status-publish","format-standard","hentry","category-prhae"],"acf":[],"_links":{"self":[{"href":"https:\/\/progepe.ufpr.br\/portarias\/wp-json\/wp\/v2\/posts\/241995","targetHints":{"allow":["GET"]}}],"collection":[{"href":"https:\/\/progepe.ufpr.br\/portarias\/wp-json\/wp\/v2\/posts"}],"about":[{"href":"https:\/\/progepe.ufpr.br\/portarias\/wp-json\/wp\/v2\/types\/post"}],"author":[{"embeddable":true,"href":"https:\/\/progepe.ufpr.br\/portarias\/wp-json\/wp\/v2\/users\/41"}],"replies":[{"embeddable":true,"href":"https:\/\/progepe.ufpr.br\/portarias\/wp-json\/wp\/v2\/comments?post=241995"}],"version-history":[{"count":1,"href":"https:\/\/progepe.ufpr.br\/portarias\/wp-json\/wp\/v2\/posts\/241995\/revisions"}],"predecessor-version":[{"id":244671,"href":"https:\/\/progepe.ufpr.br\/portarias\/wp-json\/wp\/v2\/posts\/241995\/revisions\/244671"}],"wp:attachment":[{"href":"https:\/\/progepe.ufpr.br\/portarias\/wp-json\/wp\/v2\/media?parent=241995"}],"wp:term":[{"taxonomy":"category","embeddable":true,"href":"https:\/\/progepe.ufpr.br\/portarias\/wp-json\/wp\/v2\/categories?post=241995"},{"taxonomy":"post_tag","embeddable":true,"href":"https:\/\/progepe.ufpr.br\/portarias\/wp-json\/wp\/v2\/tags?post=241995"}],"curies":[{"name":"wp","href":"https:\/\/api.w.org\/{rel}","templated":true}]}}