{"id":241996,"date":"2003-06-03T10:03:00","date_gmt":"2003-06-03T13:03:00","guid":{"rendered":"http:\/\/progepe.ufpr.br\/portarias\/prhae-2003-02628\/"},"modified":"2023-09-05T09:32:59","modified_gmt":"2023-09-05T12:32:59","slug":"prhae-2003-02628","status":"publish","type":"post","link":"https:\/\/progepe.ufpr.br\/portarias\/prhae-2003-02628\/","title":{"rendered":"PORTARIA N\u00ba 02628\/PRHAE, DE 03 DE JUNHO DE 2003"},"content":{"rendered":"\n<p>O Pr\u00f3-Reitor de Recursos IHumanos e\u00e9 A\u00c1Asssuunnttoos Estudantis da Universidade Federal do Paran\u00e1, no uso de suas atribui\u00e7\u00f5es, tendo em vista a a compet\u00eancia que lhe \u00e9\u00e9 conferida pPela PFoorrttaanrriiaa nn\u00ba\u00ba 2.590, ddee 2266 ddee selembro ddee 1997 ee considerando oo qquuee ccoonnssttaa nnoo pprroocceessssoo nn\u00ba\u00ba 1L66986677\/\/0033&#8211;1155<\/p>\n\n\n<p><strong>RESOLVE:<\/strong><\/p>\n\n\n<p>RReetbiiffiiccaarr aa PPoorrttaarriiaa nn\u00ba\u00ba 22..445588\/\/PPRRHHAAEE,, ddee 1199 ddee mmaaiioo ddee 22000033,, qquuee averbou o6 tempo ddee sseerrvvii\u00e7\u00e7oo pprreessttaaddoo ppeellaa sseerrvviiddoorraa MARIA DIONIZIA VIEIRA VILHARVO &#8211; 94749, lloottaaddaa nnoo HHoossppiittaall ddee CCll\u00ed\u00ednniiccaass: .<\/p><p> QOOnnddee se l\u00ea: &#8230;Ci\u00eancias e Tecnologia e da Cultura, no per\u00edodo de V02..001.18.4 8\u00e0a 409 .1029,.182,58,5, nnoo ttotoal tddeae l7700 88 (setseccentos e\u00e9 coiittoo)) ddiiaass,, &#8230;&#8230;<\/p><p> LLeeiiaa&#8211;ssee:: &#8230;&#8230; CCii\u00ea\u00eanncciiaass e\u20ac Tecnolc&#038; oddaa gCCiuullttauurra a,, nnoo per\u00edododde e 722..1100..848 4 \u00e0\u00e0 14.,01,86, nnoo ttoottaall ddee 445500 ((qquautraocrenrtoas cee eccniinntqqluioeenntstaa) ) ddiiaass, &#8230; .<\/p><p><\/p>\n\n\n<div style=\"height:15px\" aria-hidden=\"true\" class=\"wp-block-spacer\"><\/div>\n\n\n<div class=\"wp-block-buttons is-content-justification-right is-layout-flex wp-container-core-buttons-is-layout-1 wp-block-buttons-is-layout-flex\">\n<div class=\"wp-block-button has-custom-font-size is-style-outline has-small-font-size is-style-outline--1\"><a class=\"wp-block-button__link\" href=\"https:\/\/progepe.ufpr.br\/portarias\/wp-content\/uploads\/pcp\/PRHAE\/2003\/2628PR.pdf\" style=\"border-radius:0px\" target=\"_blank\" rel=\"noreferrer noopener\">Acesse o arquivo da portaria<\/a><\/div><\/div>\n","protected":false},"excerpt":{"rendered":"<p>RReetbiiffiiccaarr aa PPoorrttaarriiaa nn\u00ba\u00ba 22..445588\/\/PPRRHHAAEE,, ddee 1199 ddee mmaaiioo ddee 22000033,, qquuee averbou o6 tempo ddee sseerrvvii\u00e7\u00e7oo pprreessttaaddoo ppeellaa sseerrvviiddoorraa MARIA DIONIZIA VIEIRA VILHARVO &#8211; 94749, lloottaaddaa nnoo HHoossppiittaall ddee CCll\u00ed\u00ednniiccaass: . QOOnnddee se l\u00ea: &#8230;Ci\u00eancias e Tecnologia e da Cultura, no per\u00edodo de V02..001.18.4 8\u00e0a 409 .1029,.182,58,5, nnoo ttotoal tddeae l7700 88 (setseccentos e\u00e9 coiittoo)) ddiiaass,, &#8230;&#8230; LLeeiiaa&#8211;ssee:: &#8230;&#8230; CCii\u00ea\u00eanncciiaass e\u20ac Tecnolc&#038; oddaa gCCiuullttauurra a,, nnoo per\u00edododde e 722..1100..848 4 \u00e0\u00e0 14.,01,86, nnoo ttoottaall ddee 445500 ((qquautraocrenrtoas cee eccniinntqqluioeenntstaa) ) ddiiaass, &#8230; .  {&#8220;height&#8221;:&#8221;15px&#8221;} <\/p>\n<div style=\"height:15px\" aria-hidden=\"true\" class=\"wp-block-spacer\"> <!-- \/wp:spacer  {\"layout\":{\"type\":\"flex\",\"justifyContent\":\"right\"}} \n\n<div class=\"wp-block-buttons\"><!-- wp:button {\"style\":{\"border\":{\"radius\":\"0px\"}},\"className\":\"is-style-outline\",\"fontSize\":\"small\"}\n<\/p>\n","protected":false},"author":41,"featured_media":0,"comment_status":"closed","ping_status":"closed","sticky":false,"template":"wp-custom-template-emissao-entre-01-05-2004-ate-30-06-2017","format":"standard","meta":{"_acf_changed":false,"iawp_total_views":0,"footnotes":""},"categories":[232],"tags":[],"class_list":["post-241996","post","type-post","status-publish","format-standard","hentry","category-prhae"],"acf":[],"_links":{"self":[{"href":"https:\/\/progepe.ufpr.br\/portarias\/wp-json\/wp\/v2\/posts\/241996","targetHints":{"allow":["GET"]}}],"collection":[{"href":"https:\/\/progepe.ufpr.br\/portarias\/wp-json\/wp\/v2\/posts"}],"about":[{"href":"https:\/\/progepe.ufpr.br\/portarias\/wp-json\/wp\/v2\/types\/post"}],"author":[{"embeddable":true,"href":"https:\/\/progepe.ufpr.br\/portarias\/wp-json\/wp\/v2\/users\/41"}],"replies":[{"embeddable":true,"href":"https:\/\/progepe.ufpr.br\/portarias\/wp-json\/wp\/v2\/comments?post=241996"}],"version-history":[{"count":1,"href":"https:\/\/progepe.ufpr.br\/portarias\/wp-json\/wp\/v2\/posts\/241996\/revisions"}],"predecessor-version":[{"id":244672,"href":"https:\/\/progepe.ufpr.br\/portarias\/wp-json\/wp\/v2\/posts\/241996\/revisions\/244672"}],"wp:attachment":[{"href":"https:\/\/progepe.ufpr.br\/portarias\/wp-json\/wp\/v2\/media?parent=241996"}],"wp:term":[{"taxonomy":"category","embeddable":true,"href":"https:\/\/progepe.ufpr.br\/portarias\/wp-json\/wp\/v2\/categories?post=241996"},{"taxonomy":"post_tag","embeddable":true,"href":"https:\/\/progepe.ufpr.br\/portarias\/wp-json\/wp\/v2\/tags?post=241996"}],"curies":[{"name":"wp","href":"https:\/\/api.w.org\/{rel}","templated":true}]}}