{"id":242072,"date":"2003-06-12T10:02:00","date_gmt":"2003-06-12T13:02:00","guid":{"rendered":"http:\/\/progepe.ufpr.br\/portarias\/prhae-2003-02720\/"},"modified":"2023-09-05T09:33:03","modified_gmt":"2023-09-05T12:33:03","slug":"prhae-2003-02720","status":"publish","type":"post","link":"https:\/\/progepe.ufpr.br\/portarias\/prhae-2003-02720\/","title":{"rendered":"PORTARIA N\u00ba 02720\/PRHAE, DE 12 DE JUNHO DE 2003"},"content":{"rendered":"\n<p>O Pr\u00f3-Reitor de Recursos Humanos e\u20ac Assuntos Estudantis da Universidade Federal do Paran\u00e1, nnoo uussoo ddee ssuuaass aattrriibbuuii\u00e7\u00e7\u00f5\u00f5eess,, tteennddoo em vviissttaa \u00e0 a compet\u00eancia qquuee llhhee \u00e9\u00e9 ccoonnffuerriiddaa ppeellaa PPoorrttaanrriiaa nn\u00ba\u00ba 22..559900,, ddee 2266 ddee sseeiteemmbbrroo ddee 11999977 ee aaiinnddaa oo ccoonnttiiddoe nnoo pprroocceessssoo nn\u00ba\u00ba 1133110055\/\/0039&#8211;5955,,<\/p>\n\n\n<p><strong>RESOLVE:<\/strong><\/p>\n\n\n<p>TToormnaarr sseemm ecffeeiittoo \u00e0\u00e0 PPoorrttaarriiaa nn\u00ba\u00ba 2.355\/PRHAE, ddee 0088 ddee mmaaiioo ddee 22000033,, publicada em DOU de 09.0055..2200003, Se\u00e7\u00e3o 1I1T,, p\u00e1g., 14, que nomeou em car\u00e1ter efetivo, ADAIR ROBERTO AGUIAR, tl\u00eaendo em vista que eo mesmo n\u00e3o tomou posse at\u00e9 a presente data.<\/p><p><\/p>\n\n\n<div style=\"height:15px\" aria-hidden=\"true\" class=\"wp-block-spacer\"><\/div>\n\n\n<div class=\"wp-block-buttons is-content-justification-right is-layout-flex wp-container-core-buttons-is-layout-1 wp-block-buttons-is-layout-flex\">\n<div class=\"wp-block-button has-custom-font-size is-style-outline has-small-font-size is-style-outline--1\"><a class=\"wp-block-button__link\" href=\"https:\/\/progepe.ufpr.br\/portarias\/wp-content\/uploads\/pcp\/PRHAE\/2003\/2720PR.pdf\" style=\"border-radius:0px\" target=\"_blank\" rel=\"noreferrer noopener\">Acesse o arquivo da portaria<\/a><\/div><\/div>\n","protected":false},"excerpt":{"rendered":"<p>TToormnaarr sseemm ecffeeiittoo \u00e0\u00e0 PPoorrttaarriiaa nn\u00ba\u00ba 2.355\/PRHAE, ddee 0088 ddee mmaaiioo ddee 22000033,, publicada em DOU de 09.0055..2200003, Se\u00e7\u00e3o 1I1T,, p\u00e1g., 14, que nomeou em car\u00e1ter efetivo, ADAIR ROBERTO AGUIAR, tl\u00eaendo em vista que eo mesmo n\u00e3o tomou posse at\u00e9 a presente data.  {&#8220;height&#8221;:&#8221;15px&#8221;} <\/p>\n<div style=\"height:15px\" aria-hidden=\"true\" class=\"wp-block-spacer\"> <!-- \/wp:spacer  {\"layout\":{\"type\":\"flex\",\"justifyContent\":\"right\"}} \n\n<div class=\"wp-block-buttons\"><!-- wp:button {\"style\":{\"border\":{\"radius\":\"0px\"}},\"className\":\"is-style-outline\",\"fontSize\":\"small\"} \n\n<div class=\"wp-block-button has-custom-font-size is-style-outline has-small-font-size\"><a class=\"wp-block-button__link\" href=\"https:\/\/progepe.ufpr.br\/portarias\/wp-content\/uploads\/pcp\/PRHAE\/2003\/2720PR.pdf\" style=\"border-radius:0px\" target=\"_blank\" rel=\"noreferrer noopener\">Acesse o arquivo da portaria<\/a><!-- \/wp:button <!-- \/wp:buttons\n<\/p>\n","protected":false},"author":41,"featured_media":0,"comment_status":"closed","ping_status":"closed","sticky":false,"template":"wp-custom-template-emissao-entre-01-05-2004-ate-30-06-2017","format":"standard","meta":{"_acf_changed":false,"iawp_total_views":0,"footnotes":""},"categories":[232],"tags":[],"class_list":["post-242072","post","type-post","status-publish","format-standard","hentry","category-prhae"],"acf":[],"_links":{"self":[{"href":"https:\/\/progepe.ufpr.br\/portarias\/wp-json\/wp\/v2\/posts\/242072","targetHints":{"allow":["GET"]}}],"collection":[{"href":"https:\/\/progepe.ufpr.br\/portarias\/wp-json\/wp\/v2\/posts"}],"about":[{"href":"https:\/\/progepe.ufpr.br\/portarias\/wp-json\/wp\/v2\/types\/post"}],"author":[{"embeddable":true,"href":"https:\/\/progepe.ufpr.br\/portarias\/wp-json\/wp\/v2\/users\/41"}],"replies":[{"embeddable":true,"href":"https:\/\/progepe.ufpr.br\/portarias\/wp-json\/wp\/v2\/comments?post=242072"}],"version-history":[{"count":1,"href":"https:\/\/progepe.ufpr.br\/portarias\/wp-json\/wp\/v2\/posts\/242072\/revisions"}],"predecessor-version":[{"id":244759,"href":"https:\/\/progepe.ufpr.br\/portarias\/wp-json\/wp\/v2\/posts\/242072\/revisions\/244759"}],"wp:attachment":[{"href":"https:\/\/progepe.ufpr.br\/portarias\/wp-json\/wp\/v2\/media?parent=242072"}],"wp:term":[{"taxonomy":"category","embeddable":true,"href":"https:\/\/progepe.ufpr.br\/portarias\/wp-json\/wp\/v2\/categories?post=242072"},{"taxonomy":"post_tag","embeddable":true,"href":"https:\/\/progepe.ufpr.br\/portarias\/wp-json\/wp\/v2\/tags?post=242072"}],"curies":[{"name":"wp","href":"https:\/\/api.w.org\/{rel}","templated":true}]}}