{"id":242074,"date":"2003-06-12T10:04:00","date_gmt":"2003-06-12T13:04:00","guid":{"rendered":"http:\/\/progepe.ufpr.br\/portarias\/prhae-2003-02722\/"},"modified":"2023-09-05T09:33:03","modified_gmt":"2023-09-05T12:33:03","slug":"prhae-2003-02722","status":"publish","type":"post","link":"https:\/\/progepe.ufpr.br\/portarias\/prhae-2003-02722\/","title":{"rendered":"PORTARIA N\u00ba 02722\/PRHAE, DE 12 DE JUNHO DE 2003"},"content":{"rendered":"\n<p>O Pr\u00f3-Reitor de Recursos Humanos e Assuntos Estudantis da Universidade Federal do PFaran\u00e1, no uussoo ddee suas atribui\u00e7\u00f5es, tendo em vviissttaa a\u00e0 compet\u00eancia que llhhee \u00e9\u00e9 confteernidda ppeellaa PPoorrttaarriiaa nn\u00ba\u00ba 22.,559900,, ddee 2266 ddee sseetteemmbbrroo ddee 115999977,, ccoonnssiiddeerraannddoo oo qquuee ccoonnssttaa nraass LLeeiiss nn\u00ba\u00ba 88,.774455\/\/9033 e\u00e9 99,884499\/\/0099 e&#038; ddeo aaccoorrddoo ccoomm aass Resolu\u00e7\u00f5es nn\u00ba\u00ba 7T29\/]9 l&#8211;CCEEP, 31\/95-CRFP ee 276\/M6&#8211;CCFEPPE, ee ainda oo ccoonntt\u00ediiddoo nnoo pprroocceessssoo nn\u00ba\u00ba 2244003322\/\/0033&#8211;8855,,<\/p>\n\n\n<p><strong>RESOLVE:<\/strong><\/p>\n\n\n<p>CCoonmtrraattaarr SEBASTI\u00c3O LOUREN\u00c7O DOS SANTOS, como Professor Substituto, com sal\u00e1rio correspondente \u00e0\u00e0 classe de Professor Auxiliar, n\u00edvel [[,, no regsime ddee trabalho ddee 20 ((vviinnttee)) horas semanais, para oo Departamento ddee Letras Estranpgeiras Mudermas ddoo SSeettoorr ddee CCii\u00ea\u00eanncciiaass ddaa Hutmmaannaass, LLeettrraass e e AArrtteess,, aa ppaarrttiirr ddaa aassssiinnaattuurraa ddoo ccoonnttrraattoo,, aatv\u00e9\u00e9 28 ..0022..220004, na vaga decorrvente do afaasstatmaemneton todde Fabiano Dalla Bona.<\/p><p><\/p>\n\n\n<div style=\"height:15px\" aria-hidden=\"true\" class=\"wp-block-spacer\"><\/div>\n\n\n<div class=\"wp-block-buttons is-content-justification-right is-layout-flex wp-container-core-buttons-is-layout-1 wp-block-buttons-is-layout-flex\">\n<div class=\"wp-block-button has-custom-font-size is-style-outline has-small-font-size is-style-outline--1\"><a class=\"wp-block-button__link\" href=\"https:\/\/progepe.ufpr.br\/portarias\/wp-content\/uploads\/pcp\/PRHAE\/2003\/2722PR.pdf\" style=\"border-radius:0px\" target=\"_blank\" rel=\"noreferrer noopener\">Acesse o arquivo da portaria<\/a><\/div><\/div>\n","protected":false},"excerpt":{"rendered":"<p>CCoonmtrraattaarr SEBASTI\u00c3O LOUREN\u00c7O DOS SANTOS, como Professor Substituto, com sal\u00e1rio correspondente \u00e0\u00e0 classe de Professor Auxiliar, n\u00edvel [[,, no regsime ddee trabalho ddee 20 ((vviinnttee)) horas semanais, para oo Departamento ddee Letras Estranpgeiras Mudermas ddoo SSeettoorr ddee CCii\u00ea\u00eanncciiaass ddaa Hutmmaannaass, LLeettrraass e e AArrtteess,, aa ppaarrttiirr ddaa aassssiinnaattuurraa ddoo ccoonnttrraattoo,, aatv\u00e9\u00e9 28 ..0022..220004, na vaga decorrvente do afaasstatmaemneton todde Fabiano Dalla Bona.  {&#8220;height&#8221;:&#8221;15px&#8221;} <\/p>\n<div style=\"height:15px\" aria-hidden=\"true\" class=\"wp-block-spacer\"> <!-- \/wp:spacer  {\"layout\":{\"type\":\"flex\",\"justifyContent\":\"right\"}} \n\n<div class=\"wp-block-buttons\"><!-- wp:button {\"style\":{\"border\":{\"radius\":\"0px\"}},\"className\":\"is-style-outline\",\"fontSize\":\"small\"} \n\n<div class=\"wp-block-button has-custom-font-size is-style-outline has-small-font-size\"><a class=\"wp-block-button__link\" href=\"https:\/\/progepe.ufpr.br\/portarias\/wp-content\/uploads\/pcp\/PRHAE\/2003\n<\/p>\n","protected":false},"author":41,"featured_media":0,"comment_status":"closed","ping_status":"closed","sticky":false,"template":"wp-custom-template-emissao-entre-01-05-2004-ate-30-06-2017","format":"standard","meta":{"_acf_changed":false,"iawp_total_views":2,"footnotes":""},"categories":[232],"tags":[],"class_list":["post-242074","post","type-post","status-publish","format-standard","hentry","category-prhae"],"acf":[],"_links":{"self":[{"href":"https:\/\/progepe.ufpr.br\/portarias\/wp-json\/wp\/v2\/posts\/242074","targetHints":{"allow":["GET"]}}],"collection":[{"href":"https:\/\/progepe.ufpr.br\/portarias\/wp-json\/wp\/v2\/posts"}],"about":[{"href":"https:\/\/progepe.ufpr.br\/portarias\/wp-json\/wp\/v2\/types\/post"}],"author":[{"embeddable":true,"href":"https:\/\/progepe.ufpr.br\/portarias\/wp-json\/wp\/v2\/users\/41"}],"replies":[{"embeddable":true,"href":"https:\/\/progepe.ufpr.br\/portarias\/wp-json\/wp\/v2\/comments?post=242074"}],"version-history":[{"count":1,"href":"https:\/\/progepe.ufpr.br\/portarias\/wp-json\/wp\/v2\/posts\/242074\/revisions"}],"predecessor-version":[{"id":244761,"href":"https:\/\/progepe.ufpr.br\/portarias\/wp-json\/wp\/v2\/posts\/242074\/revisions\/244761"}],"wp:attachment":[{"href":"https:\/\/progepe.ufpr.br\/portarias\/wp-json\/wp\/v2\/media?parent=242074"}],"wp:term":[{"taxonomy":"category","embeddable":true,"href":"https:\/\/progepe.ufpr.br\/portarias\/wp-json\/wp\/v2\/categories?post=242074"},{"taxonomy":"post_tag","embeddable":true,"href":"https:\/\/progepe.ufpr.br\/portarias\/wp-json\/wp\/v2\/tags?post=242074"}],"curies":[{"name":"wp","href":"https:\/\/api.w.org\/{rel}","templated":true}]}}