{"id":242076,"date":"2003-06-12T10:06:00","date_gmt":"2003-06-12T13:06:00","guid":{"rendered":"http:\/\/progepe.ufpr.br\/portarias\/prhae-2003-02724\/"},"modified":"2023-09-05T09:33:03","modified_gmt":"2023-09-05T12:33:03","slug":"prhae-2003-02724","status":"publish","type":"post","link":"https:\/\/progepe.ufpr.br\/portarias\/prhae-2003-02724\/","title":{"rendered":"PORTARIA N\u00ba 02724\/PRHAE, DE 12 DE JUNHO DE 2003"},"content":{"rendered":"\n<p>O Pr\u00f3-Reitor de Recursos Humanos \u20ace Assuntos Estudantis ddaa Universidade Federal ddoo Paran\u00e1, nnoo uussoo ddee ssuuaass aattrriibbuuii\u00e7\u00e7\u00f5\u00f5eess,, tteennddoo em vviissttaa a a compet\u00eancia qquuee llhhee \u00e9\u00e9 ccoonnffeerriiddaa ppeellaa PPoorrttaarriiaa nn\u00ba\u00ba 23.,559900,, ddee 2266 ddee sseetteemmbbrroo ddee 11999977,, ccoonnssiiddeerraannddoo \u00e0 qquuee ccoonnssttaa nnaass LLeeiiss nn\u00ba\u00ba 88.,774455\/\/9933 ee 99.,884499\/\/9599 ee ddee aaccoorrddoo ccoomm \u00e0aass Resolu\u00e7\u00f5es nn\u00ba\u00ba 72\/39\/19 1-CEP, 31\/95-CEP e&#038; 26\/96-CEHPE, \u00e9e aaiinnddaa oo contido nnoo processo nn\u00ba\u00ba 11959\/03-185,<\/p>\n\n\n<p><strong>RESOLVE:<\/strong><\/p>\n\n\n<p>Contratar NAT\u00c3 DO ESPIRITO SANTOS, como Professor Substituto, com sal\u00e1rio correspondente \u00e0\u00e0 classe de Professor Auxiliar, n\u00edvel 1[,, no resgime de trabalho ddee 20 ((vviinnttee]) horas senmtaannaaiis, ppaarraa oo Departamento ddee Letiras Estrangeiras Modeermnaas do Setor de Ci\u00eancias da Humanas, Letras e\u00e9 Artes, a\u00e0 partir da assinatura do contrato., aatt\u00e9\u00e9 28.02.,20064H, na vaga decorrente do afastamento de Regina Am\u00e9lia Darriba Rodriguez.<\/p><p><\/p>\n\n\n<div style=\"height:15px\" aria-hidden=\"true\" class=\"wp-block-spacer\"><\/div>\n\n\n<div class=\"wp-block-buttons is-content-justification-right is-layout-flex wp-container-core-buttons-is-layout-1 wp-block-buttons-is-layout-flex\">\n<div class=\"wp-block-button has-custom-font-size is-style-outline has-small-font-size is-style-outline--1\"><a class=\"wp-block-button__link\" href=\"https:\/\/progepe.ufpr.br\/portarias\/wp-content\/uploads\/pcp\/PRHAE\/2003\/2724PR.pdf\" style=\"border-radius:0px\" target=\"_blank\" rel=\"noreferrer noopener\">Acesse o arquivo da portaria<\/a><\/div><\/div>\n","protected":false},"excerpt":{"rendered":"<p>Contratar NAT\u00c3 DO ESPIRITO SANTOS, como Professor Substituto, com sal\u00e1rio correspondente \u00e0\u00e0 classe de Professor Auxiliar, n\u00edvel 1[,, no resgime de trabalho ddee 20 ((vviinnttee]) horas senmtaannaaiis, ppaarraa oo Departamento ddee Letiras Estrangeiras Modeermnaas do Setor de Ci\u00eancias da Humanas, Letras e\u00e9 Artes, a\u00e0 partir da assinatura do contrato., aatt\u00e9\u00e9 28.02.,20064H, na vaga decorrente do afastamento de Regina Am\u00e9lia Darriba Rodriguez.  {&#8220;height&#8221;:&#8221;15px&#8221;} <\/p>\n<div style=\"height:15px\" aria-hidden=\"true\" class=\"wp-block-spacer\"> <!-- \/wp:spacer  {\"layout\":{\"type\":\"flex\",\"justifyContent\":\"right\"}} \n\n<div class=\"wp-block-buttons\"><!-- wp:button {\"style\":{\"border\":{\"radius\":\"0px\"}},\"className\":\"is-style-outline\",\"fontSize\":\"small\"} \n\n<div class=\"wp-block-button has-custom-font-size is-style-outline has-small-font-size\"><a class=\"wp-block-button__link\" href=\"https:\/\/progepe.ufpr.br\/portarias\/wp-content\/uploads\/pcp\/PRHAE\/2003\/2724PR.pdf\" style=\"border-radius:0px\" target=\"_blank\" rel=\"noreferrer\n<\/p>\n","protected":false},"author":41,"featured_media":0,"comment_status":"closed","ping_status":"closed","sticky":false,"template":"wp-custom-template-emissao-entre-01-05-2004-ate-30-06-2017","format":"standard","meta":{"_acf_changed":false,"iawp_total_views":0,"footnotes":""},"categories":[232],"tags":[],"class_list":["post-242076","post","type-post","status-publish","format-standard","hentry","category-prhae"],"acf":[],"_links":{"self":[{"href":"https:\/\/progepe.ufpr.br\/portarias\/wp-json\/wp\/v2\/posts\/242076","targetHints":{"allow":["GET"]}}],"collection":[{"href":"https:\/\/progepe.ufpr.br\/portarias\/wp-json\/wp\/v2\/posts"}],"about":[{"href":"https:\/\/progepe.ufpr.br\/portarias\/wp-json\/wp\/v2\/types\/post"}],"author":[{"embeddable":true,"href":"https:\/\/progepe.ufpr.br\/portarias\/wp-json\/wp\/v2\/users\/41"}],"replies":[{"embeddable":true,"href":"https:\/\/progepe.ufpr.br\/portarias\/wp-json\/wp\/v2\/comments?post=242076"}],"version-history":[{"count":1,"href":"https:\/\/progepe.ufpr.br\/portarias\/wp-json\/wp\/v2\/posts\/242076\/revisions"}],"predecessor-version":[{"id":244763,"href":"https:\/\/progepe.ufpr.br\/portarias\/wp-json\/wp\/v2\/posts\/242076\/revisions\/244763"}],"wp:attachment":[{"href":"https:\/\/progepe.ufpr.br\/portarias\/wp-json\/wp\/v2\/media?parent=242076"}],"wp:term":[{"taxonomy":"category","embeddable":true,"href":"https:\/\/progepe.ufpr.br\/portarias\/wp-json\/wp\/v2\/categories?post=242076"},{"taxonomy":"post_tag","embeddable":true,"href":"https:\/\/progepe.ufpr.br\/portarias\/wp-json\/wp\/v2\/tags?post=242076"}],"curies":[{"name":"wp","href":"https:\/\/api.w.org\/{rel}","templated":true}]}}