{"id":242078,"date":"2003-06-12T10:08:00","date_gmt":"2003-06-12T13:08:00","guid":{"rendered":"http:\/\/progepe.ufpr.br\/portarias\/prhae-2003-02726\/"},"modified":"2023-09-05T09:33:03","modified_gmt":"2023-09-05T12:33:03","slug":"prhae-2003-02726","status":"publish","type":"post","link":"https:\/\/progepe.ufpr.br\/portarias\/prhae-2003-02726\/","title":{"rendered":"PORTARIA N\u00ba 02726\/PRHAE, DE 12 DE JUNHO DE 2003"},"content":{"rendered":"\n<p>O Pr\u00f3-Reitor de Recursos Humanos e Assuntos Estudantis ddaa Universidade Federal ddoo Paran\u00e1, nnoo uvssoo ddee ssuuaass atribui\u00ed\u00e7\u00f5es, tendo em vviissttaa a a compel\u00eancia que llhhee \u00e9\u00e9 conferida ppeellaa PPoorrttaarriiaa nn\u00ba\u00ba 32,,559900,, ddee 2266 ddee setembro ddee 11999977,, considerando oo que consta nas Leisc n\u00ba 8.774455\/\/003 \u00e9e 9.884499\/\/9090 e2 de acordo com aass Resolu\u00e7\u00f5es nn\u00ba\u00ba 7H29LI-CEP, 31\/095-CEP ec 26&#038;\/N9H4C-CEEPPEE, ee ainda oo ccoonnttiiddoo nnoo pprroocceessssoo nn\u00ba\u00ba 10288\/03-51,<\/p>\n\n\n<p><strong>RESOLVE:<\/strong><\/p>\n\n\n<p>|E. CCoonnttaartaarr WALDIRENE SAWOZUK BELLARDON, ccoommoa Professor Substituto, com sal\u00e1rio correspondente \u00e0\u00e0 classe de Professor Auxiliar, n\u00edvel 11,, no regime de trabalho de 20 (vinte) horas semanais, para oo Departamento de Planejamento ee Administra\u00e7\u00e3o Escolar do Setor de Ci\u00ea\u00e9ncias de Educa\u00e7\u00e3o, aa partir da assinatura do contrato, at\u00e9 2O00.,08,. 22000033, na\u00e0 vaga decorrente do afastuamento de M\u00f4nica Ribeiro da Silva,.<\/p><p> 11,, Conceder oo acr\u00e9scimo ssaallaarriiaall,, ddee acordo com oo aarrttiiggoo 11\u00ba\u00ba9,, &#038; 11\u00ba\u00ba., al\u00ednea a da Lei n\u00ba 8.243\/91], tendo em vista possuir oo t\u00edtulo de Especializa\u00e7\u00e3o em Organiza\u00e7\u00e3o 1do Trabalho Pedag\u00f3gico.<\/p><p> &#8211; JE GE CA.<\/p><p><\/p>\n\n\n<div style=\"height:15px\" aria-hidden=\"true\" class=\"wp-block-spacer\"><\/div>\n\n\n<div class=\"wp-block-buttons is-content-justification-right is-layout-flex wp-container-core-buttons-is-layout-1 wp-block-buttons-is-layout-flex\">\n<div class=\"wp-block-button has-custom-font-size is-style-outline has-small-font-size is-style-outline--1\"><a class=\"wp-block-button__link\" href=\"https:\/\/progepe.ufpr.br\/portarias\/wp-content\/uploads\/pcp\/PRHAE\/2003\/2726PR.pdf\" style=\"border-radius:0px\" target=\"_blank\" rel=\"noreferrer noopener\">Acesse o arquivo da portaria<\/a><\/div><\/div>\n","protected":false},"excerpt":{"rendered":"<p>|E. CCoonnttaartaarr WALDIRENE SAWOZUK BELLARDON, ccoommoa Professor Substituto, com sal\u00e1rio correspondente \u00e0\u00e0 classe de Professor Auxiliar, n\u00edvel 11,, no regime de trabalho de 20 (vinte) horas semanais, para oo Departamento de Planejamento ee Administra\u00e7\u00e3o Escolar do Setor de Ci\u00ea\u00e9ncias de Educa\u00e7\u00e3o, aa partir da assinatura do contrato, at\u00e9 2O00.,08,. 22000033, na\u00e0 vaga decorrente do afastuamento de M\u00f4nica Ribeiro da Silva,. 11,, Conceder oo acr\u00e9scimo ssaallaarriiaall,, ddee acordo com oo aarrttiiggoo 11\u00ba\u00ba9,, &#038; 11\u00ba\u00ba., al\u00ednea a da Lei n\u00ba 8.243\/91], tendo em vista possuir oo t\u00edtulo de Especializa\u00e7\u00e3o em Organiza\u00e7\u00e3o 1do Trabalho Pedag\u00f3gico. &#8211; JE GE CA.  {&#8220;height&#8221;:&#8221;15px&#8221;}<\/p>\n","protected":false},"author":41,"featured_media":0,"comment_status":"closed","ping_status":"closed","sticky":false,"template":"wp-custom-template-emissao-entre-01-05-2004-ate-30-06-2017","format":"standard","meta":{"_acf_changed":false,"iawp_total_views":0,"footnotes":""},"categories":[232],"tags":[],"class_list":["post-242078","post","type-post","status-publish","format-standard","hentry","category-prhae"],"acf":[],"_links":{"self":[{"href":"https:\/\/progepe.ufpr.br\/portarias\/wp-json\/wp\/v2\/posts\/242078","targetHints":{"allow":["GET"]}}],"collection":[{"href":"https:\/\/progepe.ufpr.br\/portarias\/wp-json\/wp\/v2\/posts"}],"about":[{"href":"https:\/\/progepe.ufpr.br\/portarias\/wp-json\/wp\/v2\/types\/post"}],"author":[{"embeddable":true,"href":"https:\/\/progepe.ufpr.br\/portarias\/wp-json\/wp\/v2\/users\/41"}],"replies":[{"embeddable":true,"href":"https:\/\/progepe.ufpr.br\/portarias\/wp-json\/wp\/v2\/comments?post=242078"}],"version-history":[{"count":1,"href":"https:\/\/progepe.ufpr.br\/portarias\/wp-json\/wp\/v2\/posts\/242078\/revisions"}],"predecessor-version":[{"id":244765,"href":"https:\/\/progepe.ufpr.br\/portarias\/wp-json\/wp\/v2\/posts\/242078\/revisions\/244765"}],"wp:attachment":[{"href":"https:\/\/progepe.ufpr.br\/portarias\/wp-json\/wp\/v2\/media?parent=242078"}],"wp:term":[{"taxonomy":"category","embeddable":true,"href":"https:\/\/progepe.ufpr.br\/portarias\/wp-json\/wp\/v2\/categories?post=242078"},{"taxonomy":"post_tag","embeddable":true,"href":"https:\/\/progepe.ufpr.br\/portarias\/wp-json\/wp\/v2\/tags?post=242078"}],"curies":[{"name":"wp","href":"https:\/\/api.w.org\/{rel}","templated":true}]}}