{"id":242079,"date":"2003-06-12T10:09:00","date_gmt":"2003-06-12T13:09:00","guid":{"rendered":"http:\/\/progepe.ufpr.br\/portarias\/prhae-2003-02727\/"},"modified":"2024-03-21T11:49:58","modified_gmt":"2024-03-21T14:49:58","slug":"prhae-2003-02727","status":"publish","type":"post","link":"https:\/\/progepe.ufpr.br\/portarias\/prhae-2003-02727\/","title":{"rendered":"PORTARIA N\u00ba 02727\/PRHAE, DE 12 DE JUNHO DE 2003"},"content":{"rendered":"\n<p style=\"padding-left:43%\">O Pr\u00f3-Reitor de Recursos Humanos e Assuntos Estudantis da Universidade Federal do Paran\u00e1, no uso de suas atribui\u00e7\u00f5es, e tendo em vista a compet\u00eancia conferida pela Portaria n\u00ba 2.590, de 26 de setembro de 1997, considerando o que consta nas Leis n\u00ba 8.745\/93 e 9.849\/99 e de acordo com as Resolu\u00e7\u00f5es n\u00ba 72\/91-CEP, 31\/95-CEP e 26\/96-CEPE, e ainda o contido no processo n\u00ba 4914\/02-71,<\/p>\n\n\n\n<p style=\"padding-left:43%\"><strong>RESOLVE:<\/strong><\/p>\n\n\n\n<p>I. Contratar ROLF JOS\u00c9 HANNINGER, como Professor Substituto, com sal\u00e1rio correspondente \u00e0 classe de Professor Auxiliar, n\u00edvel I, no regime de trabalho de 40 (quarenta) horas semanais, para o Departamento de Engenharia e Tecnologia Florestal do Setor de Ci\u00eancias Agr\u00e1rias, a partir da assinatura do contrato, at\u00e9 15.12.2003, na vaga de c\u00f3digo 263054.<\/p>\n\n\n\n<p>II. Conceder o acr\u00e9scimo salarial, de acordo com o artigo 1\u00ba, \u00a7 1\u00ba, al\u00ednea &#8220;a&#8221; da Lei n\u00ba 8.243\/91, tendo em vista possuir o t\u00edtulo de Especializa\u00e7\u00e3o de Engenheiro de Seguran\u00e7a do Trabalho.<\/p>\n","protected":false},"excerpt":{"rendered":"<p>I. Contratar ROLF JOS\u00c9 HANNINGER, como Professor Substituto, com sal\u00e1rio correspondente \u00e0 classe de Professor Auxiliar, n\u00edvel I, no regime de trabalho de 40 (quarenta) horas semanais, para o Departamento de Engenharia e Tecnologia Florestal do Setor de Ci\u00eancias Agr\u00e1rias, a partir da assinatura do contrato, at\u00e9 15.12.2003, na vaga de c\u00f3digo 263054.  II. Conceder o acr\u00e9scimo salarial, de acordo com o artigo 1\u00ba, \u00a7 1\u00ba, al\u00ednea &#8220;a&#8221; da Lei n\u00ba 8.243\/91, tendo em vista possuir o t\u00edtulo de Especializa\u00e7\u00e3o de Engenheiro de Seguran\u00e7a do Trabalho.<\/p>\n","protected":false},"author":41,"featured_media":0,"comment_status":"closed","ping_status":"closed","sticky":false,"template":"","format":"standard","meta":{"_acf_changed":false,"iawp_total_views":0,"footnotes":""},"categories":[232],"tags":[283,141],"class_list":["post-242079","post","type-post","status-publish","format-standard","hentry","category-prhae","tag-acrescimo-salarial","tag-contratacao"],"acf":[],"_links":{"self":[{"href":"https:\/\/progepe.ufpr.br\/portarias\/wp-json\/wp\/v2\/posts\/242079","targetHints":{"allow":["GET"]}}],"collection":[{"href":"https:\/\/progepe.ufpr.br\/portarias\/wp-json\/wp\/v2\/posts"}],"about":[{"href":"https:\/\/progepe.ufpr.br\/portarias\/wp-json\/wp\/v2\/types\/post"}],"author":[{"embeddable":true,"href":"https:\/\/progepe.ufpr.br\/portarias\/wp-json\/wp\/v2\/users\/41"}],"replies":[{"embeddable":true,"href":"https:\/\/progepe.ufpr.br\/portarias\/wp-json\/wp\/v2\/comments?post=242079"}],"version-history":[{"count":5,"href":"https:\/\/progepe.ufpr.br\/portarias\/wp-json\/wp\/v2\/posts\/242079\/revisions"}],"predecessor-version":[{"id":255082,"href":"https:\/\/progepe.ufpr.br\/portarias\/wp-json\/wp\/v2\/posts\/242079\/revisions\/255082"}],"wp:attachment":[{"href":"https:\/\/progepe.ufpr.br\/portarias\/wp-json\/wp\/v2\/media?parent=242079"}],"wp:term":[{"taxonomy":"category","embeddable":true,"href":"https:\/\/progepe.ufpr.br\/portarias\/wp-json\/wp\/v2\/categories?post=242079"},{"taxonomy":"post_tag","embeddable":true,"href":"https:\/\/progepe.ufpr.br\/portarias\/wp-json\/wp\/v2\/tags?post=242079"}],"curies":[{"name":"wp","href":"https:\/\/api.w.org\/{rel}","templated":true}]}}