{"id":242082,"date":"2003-06-12T10:12:00","date_gmt":"2003-06-12T13:12:00","guid":{"rendered":"http:\/\/progepe.ufpr.br\/portarias\/prhae-2003-02730\/"},"modified":"2023-09-05T09:33:03","modified_gmt":"2023-09-05T12:33:03","slug":"prhae-2003-02730","status":"publish","type":"post","link":"https:\/\/progepe.ufpr.br\/portarias\/prhae-2003-02730\/","title":{"rendered":"PORTARIA N\u00ba 02730\/PRHAE, DE 12 DE JUNHO DE 2003"},"content":{"rendered":"\n<p>O Pr\u00f3-Reitor ddee Recursos Humanos ee Assuontos Estudanttiiss ddaa UUnniivveerrssiiddaaddee Feddeerraall ddoo PPaarraann\u00e1\u00e1,, nnoo uussoo ddee sSuuaass aattrriibbuuii\u00e7\u00e7\u00f5\u00f5eess,, lbeennddoo eemm vviissttaa aa compet\u00eancia qquuee llhh\u00e7e \u00e9\u00e9 ccoonnffeerriiddaa ppeellaa PPoorrttaarriiaa nn\u00ba\u00ba 22..559900,, ddee 2266 ddee sseetmeemmbbrroo ddee 11999977,, ccoonnssiiddeerraannddoo oo qu\u00eae ccoonnsta nnaass LLeeiiss nn\u00ba\u00ba 88.7 47455\/\/9939 \u00e9e 9.,849\/9999 e\u00ab ddee aaccoorrddoo com aass Resolu\u00e7\u00f5es nn\u00ba\u00ba T72I\/O9I1&#8211;CCEEP, 31\/95-CEP \u00e9e 2S66\/,9466-C0CFEPPEE,, ee aaiinnddaa oo cGontido nnoo processo nn\u00ba\u00ba 2462 1\/10\/033&#8211;3366,<\/p>\n\n\n<p><strong>RESOLVE:<\/strong><\/p>\n\n\n<p>1l.. Contratar MARIA APARECIDA DA SILVA, como PErofessor SSuubbssttiittuuttoo,, ccoomm ssaatl\u00e1\u00e1rriioo ccoorrrreessppoonnddeennttee \u00e0\u00e0 ccllaassssee ddee PPrrooffeessssoorr AAuuxxiilliiaarr,, pn\u00ed\u00edvveell 11,, nnoo rreeggiimmee ddee ttrraabbaallhhoo ddee 2200 ((vviinottee)) hhoorraass sseemmaannaaiiss,. ppaarraa oo Deepaprtamrentsoddaee Pmllaaennccjnahmatemnetonot oe e AAddmmiinniissttrraa\u00e7\u00e7\u00e3\u00e3oo Escoddoo lSSaeettoorr ddee EEdduuccaa\u00e7\u00e7\u00e3\u00e3oo,, a\u00e0 ppaarrttiirr ddaa aassssiinnaattuurraa ddoo ccoonnttrraattoo,, aatt\u00e9\u00e9 2200.,0088..22000033,, nnaa vvaaggaa ddeceocrcenoier ddreo eaflatnsatstatmaenmte on tdodee KReeggiinnaa Celyl ydd ee Campos.<\/p><p> NITL.. Conocednerc o0 acer\u00e9scdimoe ssaarllaarrii aall,, de acordo ccom oo artigo 1\u00ba, \u20ac&#038; 1\u00ba, aall\u00ed\u00ednneeaa aa ddaa LLeeii a\u00ba 88924433\/\/9911,, tteennddoo eemm vviissttaa ppoossssuuiirr o6 tt\u00ed\u00fatuulloo ddee EEssppeecciiaalliizzaa\u00e7\u00e7\u00e3\u00e3oo ddee PFiissccooppeeddaaggooggpiiaa.<\/p><p> rl\u00aau:.t&#8211;:&#8212; e me to ta Unio .<\/p><p> cCk cecs F sa \u00e7\u00c9(. \u00abZ \u2014\u00c9-\u00c9-*;\u2014\u2014-, ; Vilsor Kachel<\/p><p><\/p>\n\n\n<div style=\"height:15px\" aria-hidden=\"true\" class=\"wp-block-spacer\"><\/div>\n\n\n<div class=\"wp-block-buttons is-content-justification-right is-layout-flex wp-container-core-buttons-is-layout-1 wp-block-buttons-is-layout-flex\">\n<div class=\"wp-block-button has-custom-font-size is-style-outline has-small-font-size is-style-outline--1\"><a class=\"wp-block-button__link\" href=\"https:\/\/progepe.ufpr.br\/portarias\/wp-content\/uploads\/pcp\/PRHAE\/2003\/2730PR.pdf\" style=\"border-radius:0px\" target=\"_blank\" rel=\"noreferrer noopener\">Acesse o arquivo da portaria<\/a><\/div><\/div>\n","protected":false},"excerpt":{"rendered":"<p>1l.. Contratar MARIA APARECIDA DA SILVA, como PErofessor SSuubbssttiittuuttoo,, ccoomm ssaatl\u00e1\u00e1rriioo ccoorrrreessppoonnddeennttee \u00e0\u00e0 ccllaassssee ddee PPrrooffeessssoorr AAuuxxiilliiaarr,, pn\u00ed\u00edvveell 11,, nnoo rreeggiimmee ddee ttrraabbaallhhoo ddee 2200 ((vviinottee)) hhoorraass sseemmaannaaiiss,. ppaarraa oo Deepaprtamrentsoddaee Pmllaaennccjnahmatemnetonot oe e AAddmmiinniissttrraa\u00e7\u00e7\u00e3\u00e3oo Escoddoo lSSaeettoorr ddee EEdduuccaa\u00e7\u00e7\u00e3\u00e3oo,, a\u00e0 ppaarrttiirr ddaa aassssiinnaattuurraa ddoo ccoonnttrraattoo,, aatt\u00e9\u00e9 2200.,0088..22000033,, nnaa vvaaggaa ddeceocrcenoier ddreo eaflatnsatstatmaenmte on tdodee KReeggiinnaa Celyl ydd ee Campos. NITL.. Conocednerc o0 acer\u00e9scdimoe ssaarllaarrii aall,, de acordo ccom oo artigo 1\u00ba, \u20ac&#038; 1\u00ba, aall\u00ed\u00ednneeaa aa ddaa LLeeii a\u00ba 88924433\/\/9911,, tteennddoo eemm vviissttaa ppoossssuuiirr o6 tt\u00ed\u00fatuulloo ddee EEssppeecciiaalliizzaa\u00e7\u00e7\u00e3\u00e3oo ddee PFiissccooppeeddaaggooggpiiaa. rl\u00aau:.t&#8211;:&#8212; e me to ta Unio . cCk cecs<\/p>\n","protected":false},"author":41,"featured_media":0,"comment_status":"closed","ping_status":"closed","sticky":false,"template":"wp-custom-template-emissao-entre-01-05-2004-ate-30-06-2017","format":"standard","meta":{"_acf_changed":false,"iawp_total_views":0,"footnotes":""},"categories":[232],"tags":[],"class_list":["post-242082","post","type-post","status-publish","format-standard","hentry","category-prhae"],"acf":[],"_links":{"self":[{"href":"https:\/\/progepe.ufpr.br\/portarias\/wp-json\/wp\/v2\/posts\/242082","targetHints":{"allow":["GET"]}}],"collection":[{"href":"https:\/\/progepe.ufpr.br\/portarias\/wp-json\/wp\/v2\/posts"}],"about":[{"href":"https:\/\/progepe.ufpr.br\/portarias\/wp-json\/wp\/v2\/types\/post"}],"author":[{"embeddable":true,"href":"https:\/\/progepe.ufpr.br\/portarias\/wp-json\/wp\/v2\/users\/41"}],"replies":[{"embeddable":true,"href":"https:\/\/progepe.ufpr.br\/portarias\/wp-json\/wp\/v2\/comments?post=242082"}],"version-history":[{"count":1,"href":"https:\/\/progepe.ufpr.br\/portarias\/wp-json\/wp\/v2\/posts\/242082\/revisions"}],"predecessor-version":[{"id":244769,"href":"https:\/\/progepe.ufpr.br\/portarias\/wp-json\/wp\/v2\/posts\/242082\/revisions\/244769"}],"wp:attachment":[{"href":"https:\/\/progepe.ufpr.br\/portarias\/wp-json\/wp\/v2\/media?parent=242082"}],"wp:term":[{"taxonomy":"category","embeddable":true,"href":"https:\/\/progepe.ufpr.br\/portarias\/wp-json\/wp\/v2\/categories?post=242082"},{"taxonomy":"post_tag","embeddable":true,"href":"https:\/\/progepe.ufpr.br\/portarias\/wp-json\/wp\/v2\/tags?post=242082"}],"curies":[{"name":"wp","href":"https:\/\/api.w.org\/{rel}","templated":true}]}}